{"id":8127,"date":"2025-07-16T09:00:00","date_gmt":"2025-07-16T09:00:00","guid":{"rendered":"https:\/\/histary.es\/?p=8127"},"modified":"2025-07-01T12:59:36","modified_gmt":"2025-07-01T12:59:36","slug":"nahmanides-el-sabio-de-girona","status":"publish","type":"post","link":"https:\/\/histary.es\/en\/nahmanides-el-sabio-de-girona\/","title":{"rendered":"Nahmanides: The wise man from Girona who defied kings and left his mark on three continents"},"content":{"rendered":"<div data-elementor-type=\"wp-post\" data-elementor-id=\"8127\" class=\"elementor elementor-8127\">\n\t\t\t\t<div class=\"elementor-element elementor-element-5931253 e-flex e-con-boxed wpr-particle-no wpr-jarallax-no wpr-parallax-no wpr-sticky-section-no wpr-equal-height-no e-con e-parent\" data-id=\"5931253\" data-element_type=\"container\" data-e-type=\"container\">\n\t\t\t\t\t<div class=\"e-con-inner\">\n\t\t<div class=\"elementor-element elementor-element-3944484 e-con-full e-flex wpr-particle-no wpr-jarallax-no wpr-parallax-no wpr-sticky-section-no wpr-equal-height-no e-con e-child\" data-id=\"3944484\" data-element_type=\"container\" data-e-type=\"container\">\n\t\t\t\t<div class=\"elementor-element elementor-element-5ec263d elementor-widget elementor-widget-heading\" data-id=\"5ec263d\" data-element_type=\"widget\" data-e-type=\"widget\" data-widget_type=\"heading.default\">\n\t\t\t\t<div class=\"elementor-widget-container\">\n\t\t\t\t\t<h1 class=\"elementor-heading-title elementor-size-default\"><span><h1 dir=\"ltr\" style=\"line-height: 1.38;margin-top: 24pt;margin-bottom: 6pt\"><b>Nahmanides: The wise man from Girona who defied kings and left his mark on three continents\n<\/b><span style=\"color: var( --e-global-color-primary );font-size: 2.5rem;font-weight: 600;text-align: var(--text-align)\"><\/span><\/h1><\/span><\/h1>\t\t\t\t<\/div>\n\t\t\t\t<\/div>\n\t\t\t\t<div class=\"elementor-element elementor-element-c3dc00e elementor-widget elementor-widget-image\" data-id=\"c3dc00e\" data-element_type=\"widget\" data-e-type=\"widget\" data-widget_type=\"image.default\">\n\t\t\t\t<div class=\"elementor-widget-container\">\n\t\t\t\t\t\t\t\t\t\t\t\t\t\t\t<img fetchpriority=\"high\" decoding=\"async\" width=\"700\" height=\"392\" src=\"https:\/\/histary.es\/wp-content\/uploads\/2025\/07\/Nahmanides-y-el-Call-de-Girona.jpg\" class=\"attachment-large size-large wp-image-8143\" alt=\"Nahma\u0301nides\" srcset=\"https:\/\/histary.es\/wp-content\/uploads\/2025\/07\/Nahmanides-y-el-Call-de-Girona.jpg 700w, https:\/\/histary.es\/wp-content\/uploads\/2025\/07\/Nahmanides-y-el-Call-de-Girona-300x168.jpg 300w, https:\/\/histary.es\/wp-content\/uploads\/2025\/07\/Nahmanides-y-el-Call-de-Girona-18x10.jpg 18w\" sizes=\"(max-width: 700px) 100vw, 700px\" \/>\t\t\t\t\t\t\t\t\t\t\t\t\t\t\t<\/div>\n\t\t\t\t<\/div>\n\t\t\t\t<div class=\"elementor-element elementor-element-33b69427 elementor-widget elementor-widget-text-editor\" data-id=\"33b69427\" data-element_type=\"widget\" data-e-type=\"widget\" data-widget_type=\"text-editor.default\">\n\t\t\t\t<div class=\"elementor-widget-container\">\n\t\t\t\t\t\t\t\t\t<p data-start=\"708\" data-end=\"1220\"><strong data-start=\"708\" data-end=\"729\">Nahmanides<\/strong>\u00a0He is a key figure in understanding the intellectual and spiritual richness of medieval Judaism. From the beginning, his life was marked by study, leadership, and courage. Born in 1194 in the Catalan city of Girona, Moshe ben Nahman\u2014better known as Nahmanides or Ramban\u2014was a rabbi, physician, mystic, philosopher, and community leader. His career, therefore, encompassed not only Girona, but also Barcelona and Jerusalem. As a result, his legacy lives on on three continents.<\/p><h3 data-start=\"1222\" data-end=\"1266\">The historical context of the Call of Girona<\/h3><p data-start=\"1268\" data-end=\"1697\">To understand Nahmanides&#039;s importance, it is essential to understand the environment in which he grew up. In the 12th century, the Jewish quarter of Girona, known as El Call, was one of the most important centers of Catalan Jewry. Indeed, medical treatises were written there, sacred texts were debated, and scientific works were translated. It was precisely in this environment that Nahmanides began his training in the Talmud, Torah, and medicine.<\/p><p data-start=\"1699\" data-end=\"1858\">Thanks to his intellect and commitment, he soon became an authority not only locally but also recognized throughout the Jewish world of the Crown of Aragon.<\/p><h3 data-start=\"1860\" data-end=\"1911\">Nahmanides: Medical, Mystical, and Biblical Wisdom<\/h3><p data-start=\"1913\" data-end=\"2180\">On the one hand, as a physician, he treated Jews and Christians without distinction, and he did so without charge, as he understood medicine as a spiritual duty. On the other hand, as a theologian and philosopher, he wrote commentaries on the Torah that are still studied in rabbinical academies today.<\/p><p data-start=\"2182\" data-end=\"2435\">Unlike other scholars such as Maimonides, who relied on Aristotelian logic, Nahmanides introduced a mystical dimension through Kabbalah. Consequently, his thought reflects a sensibility deeply connected to Catalan Judaism.<\/p><p data-start=\"2437\" data-end=\"2548\">He was also a poet, legislator, and community leader. However, his most decisive moment would come in 1263.<\/p>\t\t\t\t\t\t\t\t<\/div>\n\t\t\t\t<\/div>\n\t\t\t\t<div class=\"elementor-element elementor-element-f9ffeae elementor-widget elementor-widget-image\" data-id=\"f9ffeae\" data-element_type=\"widget\" data-e-type=\"widget\" data-widget_type=\"image.default\">\n\t\t\t\t<div class=\"elementor-widget-container\">\n\t\t\t\t\t\t\t\t\t\t\t\t\t\t\t<img decoding=\"async\" width=\"700\" height=\"392\" data-src=\"https:\/\/histary.es\/wp-content\/uploads\/2025\/07\/Nahmanides-y-el-Call-de-Girona-2.jpg\" class=\"attachment-large size-large wp-image-8142 lazyload\" alt=\"Nahma\u0301nides\" data-srcset=\"https:\/\/histary.es\/wp-content\/uploads\/2025\/07\/Nahmanides-y-el-Call-de-Girona-2.jpg 700w, https:\/\/histary.es\/wp-content\/uploads\/2025\/07\/Nahmanides-y-el-Call-de-Girona-2-300x168.jpg 300w, https:\/\/histary.es\/wp-content\/uploads\/2025\/07\/Nahmanides-y-el-Call-de-Girona-2-18x10.jpg 18w\" data-sizes=\"(max-width: 700px) 100vw, 700px\" src=\"data:image\/svg+xml;base64,PHN2ZyB3aWR0aD0iMSIgaGVpZ2h0PSIxIiB4bWxucz0iaHR0cDovL3d3dy53My5vcmcvMjAwMC9zdmciPjwvc3ZnPg==\" style=\"--smush-placeholder-width: 700px; --smush-placeholder-aspect-ratio: 700\/392;\" \/>\t\t\t\t\t\t\t\t\t\t\t\t\t\t\t<\/div>\n\t\t\t\t<\/div>\n\t\t\t\t<div class=\"elementor-element elementor-element-5300d74 elementor-widget elementor-widget-text-editor\" data-id=\"5300d74\" data-element_type=\"widget\" data-e-type=\"widget\" data-widget_type=\"text-editor.default\">\n\t\t\t\t<div class=\"elementor-widget-container\">\n\t\t\t\t\t\t\t\t\t<h3 data-start=\"2550\" data-end=\"2597\">The Barcelona Dispute: Faith versus Power<\/h3><p data-start=\"2599\" data-end=\"2898\">In that year, he was called to participate in the <strong data-start=\"2642\" data-end=\"2666\">Barcelona dispute<\/strong>, a public debate between Nahmanides and Paul Christiani, a convert to Christianity. The event, which took place before King James I and church leaders, was intended to demonstrate the truth of Christianity based on Jewish texts.<\/p><p data-start=\"2900\" data-end=\"3269\">For several days, Nahmanides calmly and brilliantly defended the Jewish position. Although the debate was clearly biased, his intervention was so solid that the king himself publicly praised him. However, his arguments were considered too uncomfortable for the ecclesiastical authorities. Consequently, his writings were censored, and he was forced into exile.<\/p><p data-start=\"3271\" data-end=\"3397\">This dispute not only marked a turning point in his life, but also demonstrated his moral integrity and capacity for dialogue.<\/p><h3 data-start=\"3399\" data-end=\"3448\">Jerusalem: Exile and Spiritual Reconstruction<\/h3><p data-start=\"3450\" data-end=\"3697\">Following his expulsion, Nahmanides moved to Jerusalem. Despite the deterioration of the local Jewish community, he refused to give up. On the contrary, he led its reconstruction: he organized religious life, restored synagogues, and founded a new community.<\/p><p data-start=\"3699\" data-end=\"3924\">Today, the <strong data-start=\"3714\" data-end=\"3733\">Ramban Synagogue<\/strong> in Jerusalem bears his name, as a testament to his lasting impact. Furthermore, his theological work was studied not only by Jews but also by thinkers from other religious traditions.<\/p><h3 data-start=\"3926\" data-end=\"3963\">Nahmanides&#039; legacy in Girona<\/h3><p data-start=\"3965\" data-end=\"4189\">Although his life ended far from his homeland, Nahmanides was always deeply linked to <strong data-start=\"4067\" data-end=\"4077\">Girona<\/strong>He not only trained there, but also experienced his first debates, medical practices, and mystical experiences.<\/p><p data-start=\"4191\" data-end=\"4467\">Today, the Call of Girona preserves much of that legacy. Since the 1980s, it has been carefully restored. <strong data-start=\"4315\" data-end=\"4350\">Museum of Jewish History<\/strong> It exhibits documents, ritual objects and even a mikveh (ritual bath) that allows visitors to get closer to that past.<\/p><p data-start=\"4469\" data-end=\"4596\">Therefore, walking through its streets is also a journey through the history of one of the most influential sages of medieval Judaism.<\/p><p><b>More information and reservations at:<\/b><b><br \/><\/b><a href=\"https:\/\/histary.es\/\"> <span style=\"font-weight: 400;\">https:\/\/histary.es<\/span><\/a><\/p><p>More tours in <a href=\"http:\/\/hlcomedytours.com\" target=\"_blank\" rel=\"noopener\">HL Comedy Tours<\/a><\/p>\t\t\t\t\t\t\t\t<\/div>\n\t\t\t\t<\/div>\n\t\t\t\t<div class=\"elementor-element elementor-element-8077a5c elementor-widget elementor-widget-image\" data-id=\"8077a5c\" data-element_type=\"widget\" data-e-type=\"widget\" data-widget_type=\"image.default\">\n\t\t\t\t<div class=\"elementor-widget-container\">\n\t\t\t\t\t\t\t\t\t\t\t\t\t\t\t<img decoding=\"async\" width=\"700\" height=\"392\" data-src=\"https:\/\/histary.es\/wp-content\/uploads\/2025\/06\/Lonja-de-la-Seda-3.jpg\" class=\"attachment-large size-large wp-image-8110 lazyload\" alt=\"Lonja de la seda\" data-srcset=\"https:\/\/histary.es\/wp-content\/uploads\/2025\/06\/Lonja-de-la-Seda-3.jpg 700w, https:\/\/histary.es\/wp-content\/uploads\/2025\/06\/Lonja-de-la-Seda-3-300x168.jpg 300w, https:\/\/histary.es\/wp-content\/uploads\/2025\/06\/Lonja-de-la-Seda-3-18x10.jpg 18w\" data-sizes=\"(max-width: 700px) 100vw, 700px\" src=\"data:image\/svg+xml;base64,PHN2ZyB3aWR0aD0iMSIgaGVpZ2h0PSIxIiB4bWxucz0iaHR0cDovL3d3dy53My5vcmcvMjAwMC9zdmciPjwvc3ZnPg==\" style=\"--smush-placeholder-width: 700px; --smush-placeholder-aspect-ratio: 700\/392;\" \/>\t\t\t\t\t\t\t\t\t\t\t\t\t\t\t<\/div>\n\t\t\t\t<\/div>\n\t\t\t\t<div class=\"elementor-element elementor-element-c201f3e premium-reversed-yes elementor-hidden-mobile premium-post-ticker__layout-1 elementor-widget elementor-widget-premium-post-ticker\" data-id=\"c201f3e\" data-element_type=\"widget\" data-e-type=\"widget\" data-widget_type=\"premium-post-ticker.default\">\n\t\t\t\t<div class=\"elementor-widget-container\">\n\t\t\t\t\t\t\t\t<div class=\"premium-post-ticker__outer-wrapper premium-post-ticker__hidden\" data-ticker-settings=\"{&quot;layout&quot;:&quot;layout-1&quot;,&quot;typing&quot;:false,&quot;fade&quot;:false,&quot;arrows&quot;:true,&quot;infinite&quot;:false,&quot;autoPlay&quot;:true,&quot;vertical&quot;:false,&quot;speed&quot;:5000,&quot;slidesToShow&quot;:null,&quot;pauseOnHover&quot;:true,&quot;animation&quot;:&quot;&quot;,&quot;shouldBeRtl&quot;:true,&quot;autoplaySpeed&quot;:5000}\">\n\t\t\t\t\t\t\t\t\t\t\t\t\t\t<div class=\"premium-post-ticker__header-wrapper\">\n\t\t\t\t\t\t\t\t<div class=\"premium-post-ticker__date-wrapper\">\n\t\t\t<span class=\"premium-post-ticker__date\"> April 29, 2026<\/span>\n\t\t<\/div>\n\t\t\t\t\t\t\t<\/div>\n\t\t\t\t\t\n\t\t\t\t\t<div class=\"premium-post-ticker__content\">\n\t\t\t\t\t\t\n\t\t\t\t\t\t<div dir=\"rtl\" class=\"premium-post-ticker__posts-wrapper\">\n\t\t\t\t\t\t\t\n\t\t<div class=\"premium-post-ticker__post-wrapper\">\n\n\t\t\t\n\t\t\t\n\t\t\t<div>\n\t\t\t\t<h4 class=\"premium-post-ticker__post-title\">\n\t\t\t\t\t<a href=\"https:\/\/histary.es\/en\/edimburgo-guia-completa-para-descubrir-la-capital-escocesa-como-un-local\/\" target=\"_blank\">\n\t\t\t\t\t\tEdinburgh: A complete guide to discovering the Scottish capital like a local\t\t\t\t\t<\/a>\n\t\t\t\t<\/h4>\n\t\t\t<\/div>\n\n\t\t\t\t\t\t\t<div>\n\t\t\t\t\t<span class=\"premium-post-ticker__post-date\">\n\t\t\t\t\t\t<span>April 15, 2026<\/span>\n\t\t\t\t\t<\/span>\n\t\t\t\t<\/div>\n\t\t\t\n\t\t\t\n\t\t<\/div>\n\n\t\t\n\t\t<div class=\"premium-post-ticker__post-wrapper\">\n\n\t\t\t\n\t\t\t\n\t\t\t<div>\n\t\t\t\t<h4 class=\"premium-post-ticker__post-title\">\n\t\t\t\t\t<a href=\"https:\/\/histary.es\/en\/guerra-iran-alejandro-magno-persia\/\" target=\"_blank\">\n\t\t\t\t\t\tFrom the Iran War to Alexander the Great: The eternal conflict between East and West\t\t\t\t\t<\/a>\n\t\t\t\t<\/h4>\n\t\t\t<\/div>\n\n\t\t\t\t\t\t\t<div>\n\t\t\t\t\t<span class=\"premium-post-ticker__post-date\">\n\t\t\t\t\t\t<span>March 17, 2026<\/span>\n\t\t\t\t\t<\/span>\n\t\t\t\t<\/div>\n\t\t\t\n\t\t\t\n\t\t<\/div>\n\n\t\t\n\t\t<div class=\"premium-post-ticker__post-wrapper\">\n\n\t\t\t\n\t\t\t\n\t\t\t<div>\n\t\t\t\t<h4 class=\"premium-post-ticker__post-title\">\n\t\t\t\t\t<a href=\"https:\/\/histary.es\/en\/localizaciones-harry-potter-londres\/\" target=\"_blank\">\n\t\t\t\t\t\tHarry Potter in London: real locations where magic meets history\t\t\t\t\t<\/a>\n\t\t\t\t<\/h4>\n\t\t\t<\/div>\n\n\t\t\t\t\t\t\t<div>\n\t\t\t\t\t<span class=\"premium-post-ticker__post-date\">\n\t\t\t\t\t\t<span>February 26, 2026<\/span>\n\t\t\t\t\t<\/span>\n\t\t\t\t<\/div>\n\t\t\t\n\t\t\t\n\t\t<\/div>\n\n\t\t\n\t\t<div class=\"premium-post-ticker__post-wrapper\">\n\n\t\t\t\n\t\t\t\n\t\t\t<div>\n\t\t\t\t<h4 class=\"premium-post-ticker__post-title\">\n\t\t\t\t\t<a href=\"https:\/\/histary.es\/en\/ano-nuevo-chino-2026-caballo-de-fuego\/\" target=\"_blank\">\n\t\t\t\t\t\tChinese New Year 2026: History, Traditions and Meaning\t\t\t\t\t<\/a>\n\t\t\t\t<\/h4>\n\t\t\t<\/div>\n\n\t\t\t\t\t\t\t<div>\n\t\t\t\t\t<span class=\"premium-post-ticker__post-date\">\n\t\t\t\t\t\t<span>February 26, 2026<\/span>\n\t\t\t\t\t<\/span>\n\t\t\t\t<\/div>\n\t\t\t\n\t\t\t\n\t\t<\/div>\n\n\t\t\t\t\t\t\t\t<\/div>\n\n\t\t\t\t\t\t\t\t<div class=\"premium-post-ticker__arrows\">\n\t\t\t<a class=\"prev-arrow\" type=\"button\" role=\"button\" aria-label=\"Previous\">\n\t\t\t\t<i class=\"fas fa-angle-left\" aria-hidden=\"true\"><\/i>\n\t\t\t<\/a>\n\t\t\t<a class=\"next-arrow\" type=\"button\" role=\"button\" aria-label=\"Next\">\n\t\t\t\t<i class=\"fas fa-angle-right\" aria-hidden=\"true\"><\/i>\n\t\t\t<\/a>\n\t\t<\/div>\n\t\t\t\t\t\t\t<\/div>\n\t\t\t\t\t\t\t<\/div>\n\t\t\t\t\t\t<\/div>\n\t\t\t\t<\/div>\n\t\t\t\t<\/div>\n\t\t<div class=\"elementor-element elementor-element-f9c43ef e-con-full e-flex wpr-particle-no wpr-jarallax-no wpr-parallax-no wpr-sticky-section-no wpr-equal-height-no e-con e-child\" data-id=\"f9c43ef\" data-element_type=\"container\" data-e-type=\"container\">\n\t\t\t\t<div class=\"elementor-element elementor-element-23e485a elementor-widget elementor-widget-elementskit-post-list\" data-id=\"23e485a\" data-element_type=\"widget\" data-e-type=\"widget\" data-widget_type=\"elementskit-post-list.default\">\n\t\t\t\t<div class=\"elementor-widget-container\">\n\t\t\t\t\t<div class=\"ekit-wid-con\" >\t\t<ul class=\"elementor-icon-list-items ekit-post-list-wrapper\">\n\t\t\t\t\t\t<li class=\"elementor-icon-list-item\">\n\t\t\t\t<a href=\"https:\/\/histary.es\/edimburgo-guia-completa-para-descubrir-la-capital-escocesa-como-un-local\/\" >\n\t\t\t\t\t<img decoding=\"async\" width=\"800\" height=\"534\" data-src=\"https:\/\/histary.es\/wp-content\/uploads\/2026\/04\/jure-tufekcic-vhCO0W-AQ_c-unsplash-1024x683.jpg\" class=\"attachment-large size-large wp-post-image lazyload\" alt=\"Edimburgo guia\" data-srcset=\"https:\/\/histary.es\/wp-content\/uploads\/2026\/04\/jure-tufekcic-vhCO0W-AQ_c-unsplash-1024x683.jpg 1024w, https:\/\/histary.es\/wp-content\/uploads\/2026\/04\/jure-tufekcic-vhCO0W-AQ_c-unsplash-300x200.jpg 300w, https:\/\/histary.es\/wp-content\/uploads\/2026\/04\/jure-tufekcic-vhCO0W-AQ_c-unsplash-768x512.jpg 768w, https:\/\/histary.es\/wp-content\/uploads\/2026\/04\/jure-tufekcic-vhCO0W-AQ_c-unsplash-1536x1025.jpg 1536w, https:\/\/histary.es\/wp-content\/uploads\/2026\/04\/jure-tufekcic-vhCO0W-AQ_c-unsplash-2048x1367.jpg 2048w, https:\/\/histary.es\/wp-content\/uploads\/2026\/04\/jure-tufekcic-vhCO0W-AQ_c-unsplash-18x12.jpg 18w\" data-sizes=\"(max-width: 800px) 100vw, 800px\" src=\"data:image\/svg+xml;base64,PHN2ZyB3aWR0aD0iMSIgaGVpZ2h0PSIxIiB4bWxucz0iaHR0cDovL3d3dy53My5vcmcvMjAwMC9zdmciPjwvc3ZnPg==\" style=\"--smush-placeholder-width: 800px; --smush-placeholder-aspect-ratio: 800\/534;\" \/>\t\t\t\t\t<div class=\"ekit_post_list_content_wraper\">\n\t\t\t\t\t\t\n\t\t\t\t\t\t<span class=\"elementor-icon-list-text\">Edinburgh: A complete guide to discovering the Scottish capital like a local<\/span>\n\n\t\t\t\t\t\t\t\t\t\t\t\t\t\t\t\t\t\t<div class=\"meta-lists\">\n\t\t\t\t\t\t\t\t\t\t\t\t\t\t<span class=\"meta-date\">\n\t\t\t\t\t\t\t\t<i aria-hidden=\"true\" class=\"icon icon-calendar-page-empty\"><\/i>\t\n\n\t\t\t\t\t\t\t\tApril 15, 2026\t\t\t\t\t\t\t<\/span>\n\t\t\t\t\t\t\t\n\t\t\t\t\t\t\t\t\t\t\t\t\t<\/div>\n\t\t\t\t\t\t\t\t\t\t\t<\/div>\n\t\t\t\t<\/a>\n\t\t\t<\/li>\n\t\t\t\t\t<li class=\"elementor-icon-list-item\">\n\t\t\t\t<a href=\"https:\/\/histary.es\/guerra-iran-alejandro-magno-persia\/\" >\n\t\t\t\t\t<img decoding=\"async\" width=\"800\" height=\"448\" data-src=\"https:\/\/histary.es\/wp-content\/uploads\/2026\/03\/u3939334234_httpss.mj_.runT4bK8wYDezc_Ultra-realistic_cinemati_5dac95c6-c5c2-4886-9da3-da616db255c7_3-1024x574.png\" class=\"attachment-large size-large wp-post-image lazyload\" alt=\"Alejandro Magno y Dar\u00edo III frente a frente antes de la guerra\" data-srcset=\"https:\/\/histary.es\/wp-content\/uploads\/2026\/03\/u3939334234_httpss.mj_.runT4bK8wYDezc_Ultra-realistic_cinemati_5dac95c6-c5c2-4886-9da3-da616db255c7_3-1024x574.png 1024w, https:\/\/histary.es\/wp-content\/uploads\/2026\/03\/u3939334234_httpss.mj_.runT4bK8wYDezc_Ultra-realistic_cinemati_5dac95c6-c5c2-4886-9da3-da616db255c7_3-300x168.png 300w, https:\/\/histary.es\/wp-content\/uploads\/2026\/03\/u3939334234_httpss.mj_.runT4bK8wYDezc_Ultra-realistic_cinemati_5dac95c6-c5c2-4886-9da3-da616db255c7_3-768x430.png 768w, https:\/\/histary.es\/wp-content\/uploads\/2026\/03\/u3939334234_httpss.mj_.runT4bK8wYDezc_Ultra-realistic_cinemati_5dac95c6-c5c2-4886-9da3-da616db255c7_3-18x10.png 18w, https:\/\/histary.es\/wp-content\/uploads\/2026\/03\/u3939334234_httpss.mj_.runT4bK8wYDezc_Ultra-realistic_cinemati_5dac95c6-c5c2-4886-9da3-da616db255c7_3.png 1456w\" data-sizes=\"(max-width: 800px) 100vw, 800px\" src=\"data:image\/svg+xml;base64,PHN2ZyB3aWR0aD0iMSIgaGVpZ2h0PSIxIiB4bWxucz0iaHR0cDovL3d3dy53My5vcmcvMjAwMC9zdmciPjwvc3ZnPg==\" style=\"--smush-placeholder-width: 800px; --smush-placeholder-aspect-ratio: 800\/448;\" \/>\t\t\t\t\t<div class=\"ekit_post_list_content_wraper\">\n\t\t\t\t\t\t\n\t\t\t\t\t\t<span class=\"elementor-icon-list-text\">From the Iran War to Alexander the Great: The eternal conflict between East and West<\/span>\n\n\t\t\t\t\t\t\t\t\t\t\t\t\t\t\t\t\t\t<div class=\"meta-lists\">\n\t\t\t\t\t\t\t\t\t\t\t\t\t\t<span class=\"meta-date\">\n\t\t\t\t\t\t\t\t<i aria-hidden=\"true\" class=\"icon icon-calendar-page-empty\"><\/i>\t\n\n\t\t\t\t\t\t\t\tMarch 17, 2026\t\t\t\t\t\t\t<\/span>\n\t\t\t\t\t\t\t\n\t\t\t\t\t\t\t\t\t\t\t\t\t<\/div>\n\t\t\t\t\t\t\t\t\t\t\t<\/div>\n\t\t\t\t<\/a>\n\t\t\t<\/li>\n\t\t\t\t\t<li class=\"elementor-icon-list-item\">\n\t\t\t\t<a href=\"https:\/\/histary.es\/localizaciones-harry-potter-londres\/\" >\n\t\t\t\t\t<img decoding=\"async\" width=\"700\" height=\"392\" data-src=\"https:\/\/histary.es\/wp-content\/uploads\/2026\/02\/Cover-London-Harry-Potter.png\" class=\"attachment-large size-large wp-post-image lazyload\" alt=\"\" data-srcset=\"https:\/\/histary.es\/wp-content\/uploads\/2026\/02\/Cover-London-Harry-Potter.png 700w, https:\/\/histary.es\/wp-content\/uploads\/2026\/02\/Cover-London-Harry-Potter-300x168.png 300w, https:\/\/histary.es\/wp-content\/uploads\/2026\/02\/Cover-London-Harry-Potter-18x10.png 18w\" data-sizes=\"(max-width: 700px) 100vw, 700px\" src=\"data:image\/svg+xml;base64,PHN2ZyB3aWR0aD0iMSIgaGVpZ2h0PSIxIiB4bWxucz0iaHR0cDovL3d3dy53My5vcmcvMjAwMC9zdmciPjwvc3ZnPg==\" style=\"--smush-placeholder-width: 700px; --smush-placeholder-aspect-ratio: 700\/392;\" \/>\t\t\t\t\t<div class=\"ekit_post_list_content_wraper\">\n\t\t\t\t\t\t\n\t\t\t\t\t\t<span class=\"elementor-icon-list-text\">Harry Potter in London: real locations where magic meets history<\/span>\n\n\t\t\t\t\t\t\t\t\t\t\t\t\t\t\t\t\t\t<div class=\"meta-lists\">\n\t\t\t\t\t\t\t\t\t\t\t\t\t\t<span class=\"meta-date\">\n\t\t\t\t\t\t\t\t<i aria-hidden=\"true\" class=\"icon icon-calendar-page-empty\"><\/i>\t\n\n\t\t\t\t\t\t\t\tFebruary 26, 2026\t\t\t\t\t\t\t<\/span>\n\t\t\t\t\t\t\t\n\t\t\t\t\t\t\t\t\t\t\t\t\t<\/div>\n\t\t\t\t\t\t\t\t\t\t\t<\/div>\n\t\t\t\t<\/a>\n\t\t\t<\/li>\n\t\t\t\t\t<li class=\"elementor-icon-list-item\">\n\t\t\t\t<a href=\"https:\/\/histary.es\/ano-nuevo-chino-2026-caballo-de-fuego\/\" >\n\t\t\t\t\t<img decoding=\"async\" width=\"700\" height=\"392\" data-src=\"https:\/\/histary.es\/wp-content\/uploads\/2026\/02\/Ano-Nuevo-Chino.png\" class=\"attachment-large size-large wp-post-image lazyload\" alt=\"\" data-srcset=\"https:\/\/histary.es\/wp-content\/uploads\/2026\/02\/Ano-Nuevo-Chino.png 700w, https:\/\/histary.es\/wp-content\/uploads\/2026\/02\/Ano-Nuevo-Chino-300x168.png 300w, https:\/\/histary.es\/wp-content\/uploads\/2026\/02\/Ano-Nuevo-Chino-18x10.png 18w\" data-sizes=\"(max-width: 700px) 100vw, 700px\" src=\"data:image\/svg+xml;base64,PHN2ZyB3aWR0aD0iMSIgaGVpZ2h0PSIxIiB4bWxucz0iaHR0cDovL3d3dy53My5vcmcvMjAwMC9zdmciPjwvc3ZnPg==\" style=\"--smush-placeholder-width: 700px; --smush-placeholder-aspect-ratio: 700\/392;\" \/>\t\t\t\t\t<div class=\"ekit_post_list_content_wraper\">\n\t\t\t\t\t\t\n\t\t\t\t\t\t<span class=\"elementor-icon-list-text\">Chinese New Year 2026: History, Traditions and Meaning<\/span>\n\n\t\t\t\t\t\t\t\t\t\t\t\t\t\t\t\t\t\t<div class=\"meta-lists\">\n\t\t\t\t\t\t\t\t\t\t\t\t\t\t<span class=\"meta-date\">\n\t\t\t\t\t\t\t\t<i aria-hidden=\"true\" class=\"icon icon-calendar-page-empty\"><\/i>\t\n\n\t\t\t\t\t\t\t\tFebruary 26, 2026\t\t\t\t\t\t\t<\/span>\n\t\t\t\t\t\t\t\n\t\t\t\t\t\t\t\t\t\t\t\t\t<\/div>\n\t\t\t\t\t\t\t\t\t\t\t<\/div>\n\t\t\t\t<\/a>\n\t\t\t<\/li>\n\t\t\t\t\t<li class=\"elementor-icon-list-item\">\n\t\t\t\t<a href=\"https:\/\/histary.es\/la-tierra-es-redonda-desde-hace-2-000-anos-la-historia-lo-demuestra-mejor-que-internet\/\" >\n\t\t\t\t\t<img decoding=\"async\" width=\"700\" height=\"392\" data-src=\"https:\/\/histary.es\/wp-content\/uploads\/2026\/01\/La-Tierra-es-redonda-desde-hace-2.000-anos-y-la-historia-lo-demuestra-mejor-que-Internet-2.jpg\" class=\"attachment-large size-large wp-post-image lazyload\" alt=\"historia de la Tierra redonda\" data-srcset=\"https:\/\/histary.es\/wp-content\/uploads\/2026\/01\/La-Tierra-es-redonda-desde-hace-2.000-anos-y-la-historia-lo-demuestra-mejor-que-Internet-2.jpg 700w, https:\/\/histary.es\/wp-content\/uploads\/2026\/01\/La-Tierra-es-redonda-desde-hace-2.000-anos-y-la-historia-lo-demuestra-mejor-que-Internet-2-300x168.jpg 300w, https:\/\/histary.es\/wp-content\/uploads\/2026\/01\/La-Tierra-es-redonda-desde-hace-2.000-anos-y-la-historia-lo-demuestra-mejor-que-Internet-2-18x10.jpg 18w\" data-sizes=\"(max-width: 700px) 100vw, 700px\" src=\"data:image\/svg+xml;base64,PHN2ZyB3aWR0aD0iMSIgaGVpZ2h0PSIxIiB4bWxucz0iaHR0cDovL3d3dy53My5vcmcvMjAwMC9zdmciPjwvc3ZnPg==\" style=\"--smush-placeholder-width: 700px; --smush-placeholder-aspect-ratio: 700\/392;\" \/>\t\t\t\t\t<div class=\"ekit_post_list_content_wraper\">\n\t\t\t\t\t\t\n\t\t\t\t\t\t<span class=\"elementor-icon-list-text\">The Earth has been round for 2,000 years: history proves it better than the internet.<\/span>\n\n\t\t\t\t\t\t\t\t\t\t\t\t\t\t\t\t\t\t<div class=\"meta-lists\">\n\t\t\t\t\t\t\t\t\t\t\t\t\t\t<span class=\"meta-date\">\n\t\t\t\t\t\t\t\t<i aria-hidden=\"true\" class=\"icon icon-calendar-page-empty\"><\/i>\t\n\n\t\t\t\t\t\t\t\tJanuary 20, 2026\t\t\t\t\t\t\t<\/span>\n\t\t\t\t\t\t\t\n\t\t\t\t\t\t\t\t\t\t\t\t\t<\/div>\n\t\t\t\t\t\t\t\t\t\t\t<\/div>\n\t\t\t\t<\/a>\n\t\t\t<\/li>\n\t\t\t\t\t<li class=\"elementor-icon-list-item\">\n\t\t\t\t<a href=\"https:\/\/histary.es\/volver-o-no-volver-el-dilema-historico-de-las-diasporas\/\" >\n\t\t\t\t\t<img decoding=\"async\" width=\"700\" height=\"392\" data-src=\"https:\/\/histary.es\/wp-content\/uploads\/2026\/01\/Volver-o-no-volver_-El-dilema-historico-de-las-diasporas-y-lo-que-nos-ensena-la-actual-venezolana-4.jpg\" class=\"attachment-large size-large wp-post-image lazyload\" alt=\"El dilema hist\u00f3rico de las di\u00e1sporas\" data-srcset=\"https:\/\/histary.es\/wp-content\/uploads\/2026\/01\/Volver-o-no-volver_-El-dilema-historico-de-las-diasporas-y-lo-que-nos-ensena-la-actual-venezolana-4.jpg 700w, https:\/\/histary.es\/wp-content\/uploads\/2026\/01\/Volver-o-no-volver_-El-dilema-historico-de-las-diasporas-y-lo-que-nos-ensena-la-actual-venezolana-4-300x168.jpg 300w, https:\/\/histary.es\/wp-content\/uploads\/2026\/01\/Volver-o-no-volver_-El-dilema-historico-de-las-diasporas-y-lo-que-nos-ensena-la-actual-venezolana-4-18x10.jpg 18w\" data-sizes=\"(max-width: 700px) 100vw, 700px\" src=\"data:image\/svg+xml;base64,PHN2ZyB3aWR0aD0iMSIgaGVpZ2h0PSIxIiB4bWxucz0iaHR0cDovL3d3dy53My5vcmcvMjAwMC9zdmciPjwvc3ZnPg==\" style=\"--smush-placeholder-width: 700px; --smush-placeholder-aspect-ratio: 700\/392;\" \/>\t\t\t\t\t<div class=\"ekit_post_list_content_wraper\">\n\t\t\t\t\t\t\n\t\t\t\t\t\t<span class=\"elementor-icon-list-text\">To return or not to return? The historical dilemma of diasporas (and what the current Venezuelan one teaches us)<\/span>\n\n\t\t\t\t\t\t\t\t\t\t\t\t\t\t\t\t\t\t<div class=\"meta-lists\">\n\t\t\t\t\t\t\t\t\t\t\t\t\t\t<span class=\"meta-date\">\n\t\t\t\t\t\t\t\t<i aria-hidden=\"true\" class=\"icon icon-calendar-page-empty\"><\/i>\t\n\n\t\t\t\t\t\t\t\tJanuary 9, 2026\t\t\t\t\t\t\t<\/span>\n\t\t\t\t\t\t\t\n\t\t\t\t\t\t\t\t\t\t\t\t\t<\/div>\n\t\t\t\t\t\t\t\t\t\t\t<\/div>\n\t\t\t\t<\/a>\n\t\t\t<\/li>\n\t\t\t\t\t<li class=\"elementor-icon-list-item\">\n\t\t\t\t<a href=\"https:\/\/histary.es\/reyes-que-murieron-de-las-formas-mas-absurdas-de-la-historia\/\" >\n\t\t\t\t\t<img decoding=\"async\" width=\"700\" height=\"392\" data-src=\"https:\/\/histary.es\/wp-content\/uploads\/2025\/12\/Reyes-que-murieron-de-las-formas-mas-absurdas-de-la-historia.jpg\" class=\"attachment-large size-large wp-post-image lazyload\" alt=\"Reyes que murieron de las formas m\u00e1s absurdas de la historia\" data-srcset=\"https:\/\/histary.es\/wp-content\/uploads\/2025\/12\/Reyes-que-murieron-de-las-formas-mas-absurdas-de-la-historia.jpg 700w, https:\/\/histary.es\/wp-content\/uploads\/2025\/12\/Reyes-que-murieron-de-las-formas-mas-absurdas-de-la-historia-300x168.jpg 300w, https:\/\/histary.es\/wp-content\/uploads\/2025\/12\/Reyes-que-murieron-de-las-formas-mas-absurdas-de-la-historia-18x10.jpg 18w\" data-sizes=\"(max-width: 700px) 100vw, 700px\" src=\"data:image\/svg+xml;base64,PHN2ZyB3aWR0aD0iMSIgaGVpZ2h0PSIxIiB4bWxucz0iaHR0cDovL3d3dy53My5vcmcvMjAwMC9zdmciPjwvc3ZnPg==\" style=\"--smush-placeholder-width: 700px; --smush-placeholder-aspect-ratio: 700\/392;\" \/>\t\t\t\t\t<div class=\"ekit_post_list_content_wraper\">\n\t\t\t\t\t\t\n\t\t\t\t\t\t<span class=\"elementor-icon-list-text\">Kings who died in the most absurd ways in history<\/span>\n\n\t\t\t\t\t\t\t\t\t\t\t\t\t\t\t\t\t\t<div class=\"meta-lists\">\n\t\t\t\t\t\t\t\t\t\t\t\t\t\t<span class=\"meta-date\">\n\t\t\t\t\t\t\t\t<i aria-hidden=\"true\" class=\"icon icon-calendar-page-empty\"><\/i>\t\n\n\t\t\t\t\t\t\t\tDecember 29, 2025\t\t\t\t\t\t\t<\/span>\n\t\t\t\t\t\t\t\n\t\t\t\t\t\t\t\t\t\t\t\t\t<\/div>\n\t\t\t\t\t\t\t\t\t\t\t<\/div>\n\t\t\t\t<\/a>\n\t\t\t<\/li>\n\t\t\t\t\t<li class=\"elementor-icon-list-item\">\n\t\t\t\t<a href=\"https:\/\/histary.es\/incendio-del-alcazar-de-madrid\/\" >\n\t\t\t\t\t<img decoding=\"async\" width=\"700\" height=\"392\" data-src=\"https:\/\/histary.es\/wp-content\/uploads\/2025\/11\/Incendio-del-Alcazar-de-Madrid.jpg\" class=\"attachment-large size-large wp-post-image lazyload\" alt=\"incendio del Alc\u00e1zar de Madrid\" data-srcset=\"https:\/\/histary.es\/wp-content\/uploads\/2025\/11\/Incendio-del-Alcazar-de-Madrid.jpg 700w, https:\/\/histary.es\/wp-content\/uploads\/2025\/11\/Incendio-del-Alcazar-de-Madrid-300x168.jpg 300w, https:\/\/histary.es\/wp-content\/uploads\/2025\/11\/Incendio-del-Alcazar-de-Madrid-18x10.jpg 18w\" data-sizes=\"(max-width: 700px) 100vw, 700px\" src=\"data:image\/svg+xml;base64,PHN2ZyB3aWR0aD0iMSIgaGVpZ2h0PSIxIiB4bWxucz0iaHR0cDovL3d3dy53My5vcmcvMjAwMC9zdmciPjwvc3ZnPg==\" style=\"--smush-placeholder-width: 700px; --smush-placeholder-aspect-ratio: 700\/392;\" \/>\t\t\t\t\t<div class=\"ekit_post_list_content_wraper\">\n\t\t\t\t\t\t\n\t\t\t\t\t\t<span class=\"elementor-icon-list-text\">The fire at the Alc\u00e1zar of Madrid: it changed the city forever: Was Philip V to blame?<\/span>\n\n\t\t\t\t\t\t\t\t\t\t\t\t\t\t\t\t\t\t<div class=\"meta-lists\">\n\t\t\t\t\t\t\t\t\t\t\t\t\t\t<span class=\"meta-date\">\n\t\t\t\t\t\t\t\t<i aria-hidden=\"true\" class=\"icon icon-calendar-page-empty\"><\/i>\t\n\n\t\t\t\t\t\t\t\tNovember 20, 2025\t\t\t\t\t\t\t<\/span>\n\t\t\t\t\t\t\t\n\t\t\t\t\t\t\t\t\t\t\t\t\t<\/div>\n\t\t\t\t\t\t\t\t\t\t\t<\/div>\n\t\t\t\t<\/a>\n\t\t\t<\/li>\n\t\t\t\t\t<li class=\"elementor-icon-list-item\">\n\t\t\t\t<a href=\"https:\/\/histary.es\/argentina-de-potencia-mundial-a-meme-economico-y-vuelta-otra-vez-duplicate-8407\/\" >\n\t\t\t\t\t<img decoding=\"async\" width=\"700\" height=\"392\" data-src=\"https:\/\/histary.es\/wp-content\/uploads\/2025\/11\/Argentina-de-potencia-mundial-a-meme-economico.jpg\" class=\"attachment-large size-large wp-post-image lazyload\" alt=\"historia de Argentina\" data-srcset=\"https:\/\/histary.es\/wp-content\/uploads\/2025\/11\/Argentina-de-potencia-mundial-a-meme-economico.jpg 700w, https:\/\/histary.es\/wp-content\/uploads\/2025\/11\/Argentina-de-potencia-mundial-a-meme-economico-300x168.jpg 300w, https:\/\/histary.es\/wp-content\/uploads\/2025\/11\/Argentina-de-potencia-mundial-a-meme-economico-18x10.jpg 18w\" data-sizes=\"(max-width: 700px) 100vw, 700px\" src=\"data:image\/svg+xml;base64,PHN2ZyB3aWR0aD0iMSIgaGVpZ2h0PSIxIiB4bWxucz0iaHR0cDovL3d3dy53My5vcmcvMjAwMC9zdmciPjwvc3ZnPg==\" style=\"--smush-placeholder-width: 700px; --smush-placeholder-aspect-ratio: 700\/392;\" \/>\t\t\t\t\t<div class=\"ekit_post_list_content_wraper\">\n\t\t\t\t\t\t\n\t\t\t\t\t\t<span class=\"elementor-icon-list-text\">Argentina: from world power to economic meme (and back again)<\/span>\n\n\t\t\t\t\t\t\t\t\t\t\t\t\t\t\t\t\t\t<div class=\"meta-lists\">\n\t\t\t\t\t\t\t\t\t\t\t\t\t\t<span class=\"meta-date\">\n\t\t\t\t\t\t\t\t<i aria-hidden=\"true\" class=\"icon icon-calendar-page-empty\"><\/i>\t\n\n\t\t\t\t\t\t\t\tNovember 12, 2025\t\t\t\t\t\t\t<\/span>\n\t\t\t\t\t\t\t\n\t\t\t\t\t\t\t\t\t\t\t\t\t<\/div>\n\t\t\t\t\t\t\t\t\t\t\t<\/div>\n\t\t\t\t<\/a>\n\t\t\t<\/li>\n\t\t\t\t\t<li class=\"elementor-icon-list-item\">\n\t\t\t\t<a href=\"https:\/\/histary.es\/duelos-en-el-madrid-de-los-austrias\/\" >\n\t\t\t\t\t<img decoding=\"async\" width=\"700\" height=\"392\" data-src=\"https:\/\/histary.es\/wp-content\/uploads\/2025\/10\/Calle-del-Codo.jpg\" class=\"attachment-large size-large wp-post-image lazyload\" alt=\"duelos en el Madrid de los Austrias\" data-srcset=\"https:\/\/histary.es\/wp-content\/uploads\/2025\/10\/Calle-del-Codo.jpg 700w, https:\/\/histary.es\/wp-content\/uploads\/2025\/10\/Calle-del-Codo-300x168.jpg 300w, https:\/\/histary.es\/wp-content\/uploads\/2025\/10\/Calle-del-Codo-18x10.jpg 18w\" data-sizes=\"(max-width: 700px) 100vw, 700px\" src=\"data:image\/svg+xml;base64,PHN2ZyB3aWR0aD0iMSIgaGVpZ2h0PSIxIiB4bWxucz0iaHR0cDovL3d3dy53My5vcmcvMjAwMC9zdmciPjwvc3ZnPg==\" style=\"--smush-placeholder-width: 700px; --smush-placeholder-aspect-ratio: 700\/392;\" \/>\t\t\t\t\t<div class=\"ekit_post_list_content_wraper\">\n\t\t\t\t\t\t\n\t\t\t\t\t\t<span class=\"elementor-icon-list-text\">Calle del Codo and the duels in the Madrid of the Habsburgs: history, Quevedo, and secrets you&#039;ll discover on our tour.<\/span>\n\n\t\t\t\t\t\t\t\t\t\t\t\t\t\t\t\t\t\t<div class=\"meta-lists\">\n\t\t\t\t\t\t\t\t\t\t\t\t\t\t<span class=\"meta-date\">\n\t\t\t\t\t\t\t\t<i aria-hidden=\"true\" class=\"icon icon-calendar-page-empty\"><\/i>\t\n\n\t\t\t\t\t\t\t\tOctober 22, 2025\t\t\t\t\t\t\t<\/span>\n\t\t\t\t\t\t\t\n\t\t\t\t\t\t\t\t\t\t\t\t\t<\/div>\n\t\t\t\t\t\t\t\t\t\t\t<\/div>\n\t\t\t\t<\/a>\n\t\t\t<\/li>\n\t\t\t\t<\/ul>\n\t\t<\/div>\t\t\t\t<\/div>\n\t\t\t\t<\/div>\n\t\t\t\t<\/div>\n\t\t\t\t\t<\/div>\n\t\t\t\t<\/div>\n\t\t\t\t<\/div>","protected":false},"excerpt":{"rendered":"<p>Few medieval figures embody as much wisdom, courage and transcendence as Moshe ben Nahman, better known as Nahmanides or Ramban. <\/p>","protected":false},"author":1,"featured_media":8143,"comment_status":"closed","ping_status":"closed","sticky":false,"template":"elementor_theme","format":"standard","meta":{"_eb_attr":"","_joinchat":[],"footnotes":""},"categories":[222],"tags":[235,233,238,237,236,240,234,239,231,229,230,232],"class_list":["post-8127","post","type-post","status-publish","format-standard","has-post-thumbnail","hentry","category-girona","tag-barrio-judio-de-girona","tag-disputa-de-barcelona-1263","tag-figuras-historicas-catalanas","tag-filosofos-judios-medievales","tag-historia-del-call-de-girona","tag-historia-del-judaismo-en-espana","tag-judaismo-medieval-en-cataluna","tag-legado-judio-en-girona","tag-moshe-ben-nahman","tag-nahmanides","tag-nahmanides-girona","tag-ramban-biografia"],"yoast_head":"<!-- This site is optimized with the Yoast SEO plugin v27.5 - https:\/\/yoast.com\/product\/yoast-seo-wordpress\/ -->\n<title>Nahm\u00e1nides: El sabio de Girona que desafi\u00f3 reyes y dej\u00f3 huella en tres continentes - HistARy<\/title>\n<meta name=\"description\" content=\"Descubre la vida de Nahm\u00e1nides, el sabio de Girona que desafi\u00f3 reyes, defendi\u00f3 su fe en Barcelona y dej\u00f3 un legado espiritual.\" \/>\n<meta name=\"robots\" content=\"index, follow, max-snippet:-1, max-image-preview:large, max-video-preview:-1\" \/>\n<link rel=\"canonical\" href=\"https:\/\/histary.es\/en\/nahmanides-el-sabio-de-girona\/\" \/>\n<meta property=\"og:locale\" content=\"en_US\" \/>\n<meta property=\"og:type\" content=\"article\" \/>\n<meta property=\"og:title\" content=\"Nahm\u00e1nides: El sabio de Girona que desafi\u00f3 reyes y dej\u00f3 huella en tres continentes - HistARy\" \/>\n<meta property=\"og:description\" content=\"Descubre la vida de Nahm\u00e1nides, el sabio de Girona que desafi\u00f3 reyes, defendi\u00f3 su fe en Barcelona y dej\u00f3 un legado espiritual.\" \/>\n<meta property=\"og:url\" content=\"https:\/\/histary.es\/en\/nahmanides-el-sabio-de-girona\/\" \/>\n<meta property=\"og:site_name\" content=\"HistARy\" \/>\n<meta property=\"article:publisher\" content=\"https:\/\/www.facebook.com\/hlcomedytours\" \/>\n<meta property=\"article:published_time\" content=\"2025-07-16T09:00:00+00:00\" \/>\n<meta property=\"og:image\" content=\"https:\/\/histary.es\/wp-content\/uploads\/2025\/07\/Nahmanides-y-el-Call-de-Girona.jpg\" \/>\n\t<meta property=\"og:image:width\" content=\"700\" \/>\n\t<meta property=\"og:image:height\" content=\"392\" \/>\n\t<meta property=\"og:image:type\" content=\"image\/jpeg\" \/>\n<meta name=\"author\" content=\"HistARy_Admin\" \/>\n<meta name=\"twitter:card\" content=\"summary_large_image\" \/>\n<meta name=\"twitter:label1\" content=\"Written by\" \/>\n\t<meta name=\"twitter:data1\" content=\"HistARy_Admin\" \/>\n\t<meta name=\"twitter:label2\" content=\"Est. reading time\" \/>\n\t<meta name=\"twitter:data2\" content=\"7 minutes\" \/>\n<script type=\"application\/ld+json\" class=\"yoast-schema-graph\">{\"@context\":\"https:\\\/\\\/schema.org\",\"@graph\":[{\"@type\":\"Article\",\"@id\":\"https:\\\/\\\/histary.es\\\/nahmanides-el-sabio-de-girona\\\/#article\",\"isPartOf\":{\"@id\":\"https:\\\/\\\/histary.es\\\/nahmanides-el-sabio-de-girona\\\/\"},\"author\":{\"name\":\"HistARy_Admin\",\"@id\":\"https:\\\/\\\/histary.es\\\/#\\\/schema\\\/person\\\/76f081d606d406cef945b6d2ee11c7b4\"},\"headline\":\"Nahm\u00e1nides: El sabio de Girona que desafi\u00f3 reyes y dej\u00f3 huella en tres continentes\",\"datePublished\":\"2025-07-16T09:00:00+00:00\",\"mainEntityOfPage\":{\"@id\":\"https:\\\/\\\/histary.es\\\/nahmanides-el-sabio-de-girona\\\/\"},\"wordCount\":946,\"publisher\":{\"@id\":\"https:\\\/\\\/histary.es\\\/#organization\"},\"image\":{\"@id\":\"https:\\\/\\\/histary.es\\\/nahmanides-el-sabio-de-girona\\\/#primaryimage\"},\"thumbnailUrl\":\"https:\\\/\\\/histary.es\\\/wp-content\\\/uploads\\\/2025\\\/07\\\/Nahmanides-y-el-Call-de-Girona.jpg\",\"keywords\":[\"barrio jud\u00edo de Girona\",\"Disputa de Barcelona 1263\",\"figuras hist\u00f3ricas catalanas\",\"fil\u00f3sofos jud\u00edos medievales\",\"historia del Call de Girona\",\"historia del juda\u00edsmo en Espa\u00f1a\",\"juda\u00edsmo medieval en Catalu\u00f1a\",\"legado jud\u00edo en Girona\",\"Moshe ben Nahm\u00e1n\",\"Nahm\u00e1nides\",\"Nahm\u00e1nides Girona\",\"Ramban biograf\u00eda\"],\"articleSection\":[\"Girona\"],\"inLanguage\":\"en-US\"},{\"@type\":\"WebPage\",\"@id\":\"https:\\\/\\\/histary.es\\\/nahmanides-el-sabio-de-girona\\\/\",\"url\":\"https:\\\/\\\/histary.es\\\/nahmanides-el-sabio-de-girona\\\/\",\"name\":\"Nahm\u00e1nides: El sabio de Girona que desafi\u00f3 reyes y dej\u00f3 huella en tres continentes - HistARy\",\"isPartOf\":{\"@id\":\"https:\\\/\\\/histary.es\\\/#website\"},\"primaryImageOfPage\":{\"@id\":\"https:\\\/\\\/histary.es\\\/nahmanides-el-sabio-de-girona\\\/#primaryimage\"},\"image\":{\"@id\":\"https:\\\/\\\/histary.es\\\/nahmanides-el-sabio-de-girona\\\/#primaryimage\"},\"thumbnailUrl\":\"https:\\\/\\\/histary.es\\\/wp-content\\\/uploads\\\/2025\\\/07\\\/Nahmanides-y-el-Call-de-Girona.jpg\",\"datePublished\":\"2025-07-16T09:00:00+00:00\",\"description\":\"Descubre la vida de Nahm\u00e1nides, el sabio de Girona que desafi\u00f3 reyes, defendi\u00f3 su fe en Barcelona y dej\u00f3 un legado espiritual.\",\"breadcrumb\":{\"@id\":\"https:\\\/\\\/histary.es\\\/nahmanides-el-sabio-de-girona\\\/#breadcrumb\"},\"inLanguage\":\"en-US\",\"potentialAction\":[{\"@type\":\"ReadAction\",\"target\":[\"https:\\\/\\\/histary.es\\\/nahmanides-el-sabio-de-girona\\\/\"]}]},{\"@type\":\"ImageObject\",\"inLanguage\":\"en-US\",\"@id\":\"https:\\\/\\\/histary.es\\\/nahmanides-el-sabio-de-girona\\\/#primaryimage\",\"url\":\"https:\\\/\\\/histary.es\\\/wp-content\\\/uploads\\\/2025\\\/07\\\/Nahmanides-y-el-Call-de-Girona.jpg\",\"contentUrl\":\"https:\\\/\\\/histary.es\\\/wp-content\\\/uploads\\\/2025\\\/07\\\/Nahmanides-y-el-Call-de-Girona.jpg\",\"width\":700,\"height\":392,\"caption\":\"Nahma\u0301nides\"},{\"@type\":\"BreadcrumbList\",\"@id\":\"https:\\\/\\\/histary.es\\\/nahmanides-el-sabio-de-girona\\\/#breadcrumb\",\"itemListElement\":[{\"@type\":\"ListItem\",\"position\":1,\"name\":\"Portada\",\"item\":\"https:\\\/\\\/histary.es\\\/\"},{\"@type\":\"ListItem\",\"position\":2,\"name\":\"Nahm\u00e1nides: El sabio de Girona que desafi\u00f3 reyes y dej\u00f3 huella en tres continentes\"}]},{\"@type\":\"WebSite\",\"@id\":\"https:\\\/\\\/histary.es\\\/#website\",\"url\":\"https:\\\/\\\/histary.es\\\/\",\"name\":\"HistARy\",\"description\":\"Vive la historia a trav\u00e9s de la realidad aumentada\\u2028\",\"publisher\":{\"@id\":\"https:\\\/\\\/histary.es\\\/#organization\"},\"potentialAction\":[{\"@type\":\"SearchAction\",\"target\":{\"@type\":\"EntryPoint\",\"urlTemplate\":\"https:\\\/\\\/histary.es\\\/?s={search_term_string}\"},\"query-input\":{\"@type\":\"PropertyValueSpecification\",\"valueRequired\":true,\"valueName\":\"search_term_string\"}}],\"inLanguage\":\"en-US\"},{\"@type\":\"Organization\",\"@id\":\"https:\\\/\\\/histary.es\\\/#organization\",\"name\":\"HistARy\",\"url\":\"https:\\\/\\\/histary.es\\\/\",\"logo\":{\"@type\":\"ImageObject\",\"inLanguage\":\"en-US\",\"@id\":\"https:\\\/\\\/histary.es\\\/#\\\/schema\\\/logo\\\/image\\\/\",\"url\":\"https:\\\/\\\/histary.es\\\/wp-content\\\/uploads\\\/2024\\\/08\\\/logo-his300.png\",\"contentUrl\":\"https:\\\/\\\/histary.es\\\/wp-content\\\/uploads\\\/2024\\\/08\\\/logo-his300.png\",\"width\":2252,\"height\":705,\"caption\":\"HistARy\"},\"image\":{\"@id\":\"https:\\\/\\\/histary.es\\\/#\\\/schema\\\/logo\\\/image\\\/\"},\"sameAs\":[\"https:\\\/\\\/www.facebook.com\\\/hlcomedytours\",\"https:\\\/\\\/www.instagram.com\\\/histarytours\\\/\",\"https:\\\/\\\/www.linkedin.com\\\/company\\\/hl-comedy-tours\\\/\",\"https:\\\/\\\/www.tiktok.com\\\/@hlcomedytours\"]},{\"@type\":\"Person\",\"@id\":\"https:\\\/\\\/histary.es\\\/#\\\/schema\\\/person\\\/76f081d606d406cef945b6d2ee11c7b4\",\"name\":\"HistARy_Admin\",\"image\":{\"@type\":\"ImageObject\",\"inLanguage\":\"en-US\",\"@id\":\"https:\\\/\\\/histary.es\\\/wp-content\\\/litespeed\\\/avatar\\\/23a823fbdb6742908325da2a01c1a119.jpg?ver=1777425062\",\"url\":\"https:\\\/\\\/histary.es\\\/wp-content\\\/litespeed\\\/avatar\\\/23a823fbdb6742908325da2a01c1a119.jpg?ver=1777425062\",\"contentUrl\":\"https:\\\/\\\/histary.es\\\/wp-content\\\/litespeed\\\/avatar\\\/23a823fbdb6742908325da2a01c1a119.jpg?ver=1777425062\",\"caption\":\"HistARy_Admin\"},\"sameAs\":[\"https:\\\/\\\/histary.es\"],\"url\":\"https:\\\/\\\/histary.es\\\/en\\\/author\\\/histary_admin\\\/\"}]}<\/script>\n<!-- \/ Yoast SEO plugin. -->","yoast_head_json":{"title":"Nahmanides: The wise man from Girona who defied kings and left his mark on three continents - HistARy","description":"Discover the life of Nahmanides, the wise man from Girona who defied kings, defended his faith in Barcelona, and left a spiritual legacy.","robots":{"index":"index","follow":"follow","max-snippet":"max-snippet:-1","max-image-preview":"max-image-preview:large","max-video-preview":"max-video-preview:-1"},"canonical":"https:\/\/histary.es\/en\/nahmanides-el-sabio-de-girona\/","og_locale":"en_US","og_type":"article","og_title":"Nahm\u00e1nides: El sabio de Girona que desafi\u00f3 reyes y dej\u00f3 huella en tres continentes - HistARy","og_description":"Descubre la vida de Nahm\u00e1nides, el sabio de Girona que desafi\u00f3 reyes, defendi\u00f3 su fe en Barcelona y dej\u00f3 un legado espiritual.","og_url":"https:\/\/histary.es\/en\/nahmanides-el-sabio-de-girona\/","og_site_name":"HistARy","article_publisher":"https:\/\/www.facebook.com\/hlcomedytours","article_published_time":"2025-07-16T09:00:00+00:00","og_image":[{"width":700,"height":392,"url":"https:\/\/histary.es\/wp-content\/uploads\/2025\/07\/Nahmanides-y-el-Call-de-Girona.jpg","type":"image\/jpeg"}],"author":"HistARy_Admin","twitter_card":"summary_large_image","twitter_misc":{"Written by":"HistARy_Admin","Est. reading time":"7 minutes"},"schema":{"@context":"https:\/\/schema.org","@graph":[{"@type":"Article","@id":"https:\/\/histary.es\/nahmanides-el-sabio-de-girona\/#article","isPartOf":{"@id":"https:\/\/histary.es\/nahmanides-el-sabio-de-girona\/"},"author":{"name":"HistARy_Admin","@id":"https:\/\/histary.es\/#\/schema\/person\/76f081d606d406cef945b6d2ee11c7b4"},"headline":"Nahm\u00e1nides: El sabio de Girona que desafi\u00f3 reyes y dej\u00f3 huella en tres continentes","datePublished":"2025-07-16T09:00:00+00:00","mainEntityOfPage":{"@id":"https:\/\/histary.es\/nahmanides-el-sabio-de-girona\/"},"wordCount":946,"publisher":{"@id":"https:\/\/histary.es\/#organization"},"image":{"@id":"https:\/\/histary.es\/nahmanides-el-sabio-de-girona\/#primaryimage"},"thumbnailUrl":"https:\/\/histary.es\/wp-content\/uploads\/2025\/07\/Nahmanides-y-el-Call-de-Girona.jpg","keywords":["barrio jud\u00edo de Girona","Disputa de Barcelona 1263","figuras hist\u00f3ricas catalanas","fil\u00f3sofos jud\u00edos medievales","historia del Call de Girona","historia del juda\u00edsmo en Espa\u00f1a","juda\u00edsmo medieval en Catalu\u00f1a","legado jud\u00edo en Girona","Moshe ben Nahm\u00e1n","Nahm\u00e1nides","Nahm\u00e1nides Girona","Ramban biograf\u00eda"],"articleSection":["Girona"],"inLanguage":"en-US"},{"@type":"WebPage","@id":"https:\/\/histary.es\/nahmanides-el-sabio-de-girona\/","url":"https:\/\/histary.es\/nahmanides-el-sabio-de-girona\/","name":"Nahmanides: The wise man from Girona who defied kings and left his mark on three continents - HistARy","isPartOf":{"@id":"https:\/\/histary.es\/#website"},"primaryImageOfPage":{"@id":"https:\/\/histary.es\/nahmanides-el-sabio-de-girona\/#primaryimage"},"image":{"@id":"https:\/\/histary.es\/nahmanides-el-sabio-de-girona\/#primaryimage"},"thumbnailUrl":"https:\/\/histary.es\/wp-content\/uploads\/2025\/07\/Nahmanides-y-el-Call-de-Girona.jpg","datePublished":"2025-07-16T09:00:00+00:00","description":"Discover the life of Nahmanides, the wise man from Girona who defied kings, defended his faith in Barcelona, and left a spiritual legacy.","breadcrumb":{"@id":"https:\/\/histary.es\/nahmanides-el-sabio-de-girona\/#breadcrumb"},"inLanguage":"en-US","potentialAction":[{"@type":"ReadAction","target":["https:\/\/histary.es\/nahmanides-el-sabio-de-girona\/"]}]},{"@type":"ImageObject","inLanguage":"en-US","@id":"https:\/\/histary.es\/nahmanides-el-sabio-de-girona\/#primaryimage","url":"https:\/\/histary.es\/wp-content\/uploads\/2025\/07\/Nahmanides-y-el-Call-de-Girona.jpg","contentUrl":"https:\/\/histary.es\/wp-content\/uploads\/2025\/07\/Nahmanides-y-el-Call-de-Girona.jpg","width":700,"height":392,"caption":"Nahma\u0301nides"},{"@type":"BreadcrumbList","@id":"https:\/\/histary.es\/nahmanides-el-sabio-de-girona\/#breadcrumb","itemListElement":[{"@type":"ListItem","position":1,"name":"Portada","item":"https:\/\/histary.es\/"},{"@type":"ListItem","position":2,"name":"Nahm\u00e1nides: El sabio de Girona que desafi\u00f3 reyes y dej\u00f3 huella en tres continentes"}]},{"@type":"WebSite","@id":"https:\/\/histary.es\/#website","url":"https:\/\/histary.es\/","name":"History","description":"Experience history through augmented reality","publisher":{"@id":"https:\/\/histary.es\/#organization"},"potentialAction":[{"@type":"SearchAction","target":{"@type":"EntryPoint","urlTemplate":"https:\/\/histary.es\/?s={search_term_string}"},"query-input":{"@type":"PropertyValueSpecification","valueRequired":true,"valueName":"search_term_string"}}],"inLanguage":"en-US"},{"@type":"Organization","@id":"https:\/\/histary.es\/#organization","name":"History","url":"https:\/\/histary.es\/","logo":{"@type":"ImageObject","inLanguage":"en-US","@id":"https:\/\/histary.es\/#\/schema\/logo\/image\/","url":"https:\/\/histary.es\/wp-content\/uploads\/2024\/08\/logo-his300.png","contentUrl":"https:\/\/histary.es\/wp-content\/uploads\/2024\/08\/logo-his300.png","width":2252,"height":705,"caption":"HistARy"},"image":{"@id":"https:\/\/histary.es\/#\/schema\/logo\/image\/"},"sameAs":["https:\/\/www.facebook.com\/hlcomedytours","https:\/\/www.instagram.com\/histarytours\/","https:\/\/www.linkedin.com\/company\/hl-comedy-tours\/","https:\/\/www.tiktok.com\/@hlcomedytours"]},{"@type":"Person","@id":"https:\/\/histary.es\/#\/schema\/person\/76f081d606d406cef945b6d2ee11c7b4","name":"HistARy_Admin","image":{"@type":"ImageObject","inLanguage":"en-US","@id":"https:\/\/histary.es\/wp-content\/litespeed\/avatar\/23a823fbdb6742908325da2a01c1a119.jpg?ver=1777425062","url":"https:\/\/histary.es\/wp-content\/litespeed\/avatar\/23a823fbdb6742908325da2a01c1a119.jpg?ver=1777425062","contentUrl":"https:\/\/histary.es\/wp-content\/litespeed\/avatar\/23a823fbdb6742908325da2a01c1a119.jpg?ver=1777425062","caption":"HistARy_Admin"},"sameAs":["https:\/\/histary.es"],"url":"https:\/\/histary.es\/en\/author\/histary_admin\/"}]}},"_links":{"self":[{"href":"https:\/\/histary.es\/en\/wp-json\/wp\/v2\/posts\/8127","targetHints":{"allow":["GET"]}}],"collection":[{"href":"https:\/\/histary.es\/en\/wp-json\/wp\/v2\/posts"}],"about":[{"href":"https:\/\/histary.es\/en\/wp-json\/wp\/v2\/types\/post"}],"author":[{"embeddable":true,"href":"https:\/\/histary.es\/en\/wp-json\/wp\/v2\/users\/1"}],"replies":[{"embeddable":true,"href":"https:\/\/histary.es\/en\/wp-json\/wp\/v2\/comments?post=8127"}],"version-history":[{"count":21,"href":"https:\/\/histary.es\/en\/wp-json\/wp\/v2\/posts\/8127\/revisions"}],"predecessor-version":[{"id":8162,"href":"https:\/\/histary.es\/en\/wp-json\/wp\/v2\/posts\/8127\/revisions\/8162"}],"wp:featuredmedia":[{"embeddable":true,"href":"https:\/\/histary.es\/en\/wp-json\/wp\/v2\/media\/8143"}],"wp:attachment":[{"href":"https:\/\/histary.es\/en\/wp-json\/wp\/v2\/media?parent=8127"}],"wp:term":[{"taxonomy":"category","embeddable":true,"href":"https:\/\/histary.es\/en\/wp-json\/wp\/v2\/categories?post=8127"},{"taxonomy":"post_tag","embeddable":true,"href":"https:\/\/histary.es\/en\/wp-json\/wp\/v2\/tags?post=8127"}],"curies":[{"name":"wp","href":"https:\/\/api.w.org\/{rel}","templated":true}]}}