{"id":5680,"date":"2024-10-24T13:23:34","date_gmt":"2024-10-24T13:23:34","guid":{"rendered":"https:\/\/histary.es\/?p=5680"},"modified":"2026-04-14T15:15:04","modified_gmt":"2026-04-14T15:15:04","slug":"historias-y-leyendas-de-empresas-episodio-4-fc-barcelona-mas-que-un-club-el-lado-oscuro-del-fc-barcelona","status":"publish","type":"post","link":"https:\/\/histary.es\/en\/historias-y-leyendas-de-empresas-episodio-4-fc-barcelona-mas-que-un-club-el-lado-oscuro-del-fc-barcelona\/","title":{"rendered":"Business Stories and Legends \u2013 Episode 4: FC Barcelona, More than a club. The dark side of FC Barcelona."},"content":{"rendered":"<div data-elementor-type=\"wp-post\" data-elementor-id=\"5680\" class=\"elementor elementor-5680\">\n\t\t\t\t<div class=\"elementor-element elementor-element-5931253 e-flex e-con-boxed wpr-particle-no wpr-jarallax-no wpr-parallax-no wpr-sticky-section-no wpr-equal-height-no e-con e-parent\" data-id=\"5931253\" data-element_type=\"container\" data-e-type=\"container\">\n\t\t\t\t\t<div class=\"e-con-inner\">\n\t\t<div class=\"elementor-element elementor-element-3944484 e-con-full e-flex wpr-particle-no wpr-jarallax-no wpr-parallax-no wpr-sticky-section-no wpr-equal-height-no e-con e-child\" data-id=\"3944484\" data-element_type=\"container\" data-e-type=\"container\">\n\t\t\t\t<div class=\"elementor-element elementor-element-1c83342 elementor-widget elementor-widget-heading\" data-id=\"1c83342\" data-element_type=\"widget\" data-e-type=\"widget\" data-widget_type=\"heading.default\">\n\t\t\t\t<div class=\"elementor-widget-container\">\n\t\t\t\t\t<h2 class=\"elementor-heading-title elementor-size-default\"><b>Business Stories and Legends <\/b><\/h2>\t\t\t\t<\/div>\n\t\t\t\t<\/div>\n\t\t\t\t<div class=\"elementor-element elementor-element-4c481c7 elementor-widget elementor-widget-heading\" data-id=\"4c481c7\" data-element_type=\"widget\" data-e-type=\"widget\" data-widget_type=\"heading.default\">\n\t\t\t\t<div class=\"elementor-widget-container\">\n\t\t\t\t\t<h1 class=\"elementor-heading-title elementor-size-default\">Episode 4: FC Barcelona. More than a club. The dark side of FC Barcelona.<\/h1>\t\t\t\t<\/div>\n\t\t\t\t<\/div>\n\t\t\t\t<div class=\"elementor-element elementor-element-3d51709 elementor-widget elementor-widget-image\" data-id=\"3d51709\" data-element_type=\"widget\" data-e-type=\"widget\" data-widget_type=\"image.default\">\n\t\t\t\t<div class=\"elementor-widget-container\">\n\t\t\t\t\t\t\t\t\t\t\t\t\t\t\t<img fetchpriority=\"high\" decoding=\"async\" width=\"800\" height=\"449\" src=\"https:\/\/histary.es\/wp-content\/uploads\/2024\/10\/Portada-2-1-1024x575.jpg\" class=\"attachment-large size-large wp-image-6083\" alt=\"\" srcset=\"https:\/\/histary.es\/wp-content\/uploads\/2024\/10\/Portada-2-1-1024x575.jpg 1024w, https:\/\/histary.es\/wp-content\/uploads\/2024\/10\/Portada-2-1-300x168.jpg 300w, https:\/\/histary.es\/wp-content\/uploads\/2024\/10\/Portada-2-1-768x431.jpg 768w, https:\/\/histary.es\/wp-content\/uploads\/2024\/10\/Portada-2-1-1536x863.jpg 1536w, https:\/\/histary.es\/wp-content\/uploads\/2024\/10\/Portada-2-1-2048x1150.jpg 2048w, https:\/\/histary.es\/wp-content\/uploads\/2024\/10\/Portada-2-1-18x10.jpg 18w\" sizes=\"(max-width: 800px) 100vw, 800px\" \/>\t\t\t\t\t\t\t\t\t\t\t\t\t\t\t<\/div>\n\t\t\t\t<\/div>\n\t\t\t\t<div class=\"elementor-element elementor-element-33b69427 elementor-widget elementor-widget-text-editor\" data-id=\"33b69427\" data-element_type=\"widget\" data-e-type=\"widget\" data-widget_type=\"text-editor.default\">\n\t\t\t\t<div class=\"elementor-widget-container\">\n\t\t\t\t\t\t\t\t\t<p><b>Synopsis:<\/b><span style=\"font-weight: 400;\"> FC Barcelona, famous for its motto \u201cM\u00e9s que un club\u201d, has a history that goes beyond its victories on the pitch and its image as a symbol of Catalan resistance. In this episode, we explore a lesser-known side of the club: from its financial ties to dictatorships and controversial decisions, to its ambiguous relationship with Franco\u2019s regime. Beneath the surface of its sporting and ethical values, we discover a complex web of interests that reveals that, at times, the \u201cM\u00e9s que un club\u201d is murkier than it seems. Spoiler alert: Bar\u00e7a is not always as heroic as the Camp Nou makes it out to be!<\/span><\/p><h3><b>More than a club: The dark side of FC Barcelona<\/b><\/h3><p><span style=\"font-weight: 400;\">The motto <\/span><b>\u201cMore than a club\u201d<\/b><span style=\"font-weight: 400;\"> It is a mantra that FC Barcelona wears on its shirt as a symbol of pride and resistance. But, like a good thriller, there is a downside to this story. Let&#039;s dive into the club&#039;s less brilliant episodes: from uncomfortable relations with dictatorships to financial scandals that could make Messi reconsider whether his departure was for something more than football.<\/span><\/p><h3><b>Francoism and the myth of resistance<\/b><\/h3><p><span style=\"font-weight: 400;\">It has been said a thousand times that Bar\u00e7a was the banner of the Catalan resistance against <\/span><b>Franc<\/b><span style=\"font-weight: 400;\">. But not everything is so clear. Yes, the Catalans saw in the club a way to stand up to the regime, but, in 1957, when the Camp Nou needed urgent funding, it was the Franco government that gave a little help. What a contradiction, eh! And to top it all off, in 1971, <\/span><b>Franc<\/b><span style=\"font-weight: 400;\"> was appointed <\/span><b>honorary president of Bar\u00e7a<\/b><span style=\"font-weight: 400;\">If this isn&#039;t the villain being applauded on the red carpet, I don&#039;t know what is.<\/span><\/p><p><span style=\"font-weight: 400;\">And what about the famous 11-1 against Real Madrid in 1943? Legend has it that the Bar\u00e7a players were \u201cmotivated\u201d by Francoists before the match. Imagine that! A technical talk with more threats than tactics. No one has been able to confirm it, but it is a story that makes that rout sting more than the sun in August.<\/span><\/p><h3><b>Business with dictators: Uzbekistan and Libya<\/b><\/h3><p><span style=\"font-weight: 400;\">Barca have not only played well on the pitch, they have also made some strange moves on the political front. In 2009, they signed a multi-million pound deal with <\/span><b>Gulnara Karimova<\/b><span style=\"font-weight: 400;\">, daughter of the Uzbek dictator. Come on, it&#039;s as if Bar\u00e7a had done a tiki-taka with one of the worst violators of human rights in the world. Result? The contract was very lucrative, but the reputation was damaged.<\/span><\/p><p><span style=\"font-weight: 400;\">And if that wasn&#039;t enough, in 2003 they decided to play a friendly in <\/span><b>Libya<\/b><span style=\"font-weight: 400;\"> against the team of <\/span><b>Al-Saadi Gaddafi<\/b><span style=\"font-weight: 400;\">. Because, of course, what could go wrong when aligning yourself with the Gaddafi family? Spoiler alert: the club&#039;s reputation was put on the back burner.<\/span><\/p><h3><b>The scandal of international academies<\/b><\/h3><p><span style=\"font-weight: 400;\">The famous ones <\/span><b>Bar\u00e7a Academies<\/b><span style=\"font-weight: 400;\"> They are like a dream factory, where young people from all over the world train to become the next star of the Camp Nou. But, as in every good story, not everything is as it seems. <\/span><b>Australia<\/b><span style=\"font-weight: 400;\">, parents complained that they were scammed: they paid a fortune and what they got was less \u201cLa Mas\u00eda\u201d and more \u201ca neighborhood school with poorly cut grass.\u201d What an own goal!<\/span><\/p><h3><b>Bar\u00e7agate: Internal defamation in the Bar\u00e7a style<\/b><\/h3><p><span style=\"font-weight: 400;\">The scandal of <\/span><b>Bar\u00e7agate<\/b><span style=\"font-weight: 400;\"> in 2020 it was like watching a soap opera on Twitter. It turns out that the board of directors <\/span><b>Bartomeu<\/b><span style=\"font-weight: 400;\"> hired a company to defame players on social media like <\/span><b>Pique<\/b><span style=\"font-weight: 400;\"> and <\/span><b>Messi<\/b><span style=\"font-weight: 400;\">. It seems that someone has not read the manual on how to get along in the dressing room! Things ended so badly that Bartomeu had to resign. If you thought the Messi-Ronaldo rivalry was intense, you haven&#039;t seen anything.<\/span><\/p><h3><b>Double standards: From UNICEF to Qatar<\/b><\/h3><p><span style=\"font-weight: 400;\">In 2006, Barcelona seemed to be the moral hero of football by wearing the logo of <\/span><b>UNICEF<\/b><span style=\"font-weight: 400;\"> on their shirt. But four years later, they signed a deal with the <\/span><b>Qatar Foundation<\/b><span style=\"font-weight: 400;\">Of course, money talks, but Qatar is not exactly the country that respects human rights the most. It was a blow to the image of the club, which went from being the \u201cgood guy\u201d to one that broke the moral script by a few million.<\/span><\/p><h3><b>Conclusion: Lights and shadows of a giant<\/b><\/h3><p><span style=\"font-weight: 400;\">He <\/span><b>FC Barcelona<\/b><span style=\"font-weight: 400;\"> It&#039;s more than just a club, but it&#039;s also more than just a story of unblemished success. Between its links to dictators, internal scandals and controversial decisions, the club has shown that, in the world of football, ethics are sometimes played offside. So, the next time you sing &quot;Visca Bar\u00e7a&quot;, remember that the club&#039;s history is a little more complex (and murky) than it seems.<\/span><\/p>\t\t\t\t\t\t\t\t<\/div>\n\t\t\t\t<\/div>\n\t\t\t\t<div class=\"elementor-element elementor-element-c201f3e premium-reversed-yes elementor-hidden-mobile premium-post-ticker__layout-1 elementor-widget elementor-widget-premium-post-ticker\" data-id=\"c201f3e\" data-element_type=\"widget\" data-e-type=\"widget\" data-widget_type=\"premium-post-ticker.default\">\n\t\t\t\t<div class=\"elementor-widget-container\">\n\t\t\t\t\t\t\t\t<div class=\"premium-post-ticker__outer-wrapper premium-post-ticker__hidden\" data-ticker-settings=\"{&quot;layout&quot;:&quot;layout-1&quot;,&quot;typing&quot;:false,&quot;fade&quot;:false,&quot;arrows&quot;:true,&quot;infinite&quot;:false,&quot;autoPlay&quot;:true,&quot;vertical&quot;:false,&quot;speed&quot;:5000,&quot;slidesToShow&quot;:null,&quot;pauseOnHover&quot;:true,&quot;animation&quot;:&quot;&quot;,&quot;shouldBeRtl&quot;:true,&quot;autoplaySpeed&quot;:5000}\">\n\t\t\t\t\t\t\t\t\t\t\t\t\t\t<div class=\"premium-post-ticker__header-wrapper\">\n\t\t\t\t\t\t\t\t<div class=\"premium-post-ticker__date-wrapper\">\n\t\t\t<span class=\"premium-post-ticker__date\"> May 2, 2026<\/span>\n\t\t<\/div>\n\t\t\t\t\t\t\t<\/div>\n\t\t\t\t\t\n\t\t\t\t\t<div class=\"premium-post-ticker__content\">\n\t\t\t\t\t\t\n\t\t\t\t\t\t<div dir=\"rtl\" class=\"premium-post-ticker__posts-wrapper\">\n\t\t\t\t\t\t\t\n\t\t<div class=\"premium-post-ticker__post-wrapper\">\n\n\t\t\t\n\t\t\t\n\t\t\t<div>\n\t\t\t\t<h4 class=\"premium-post-ticker__post-title\">\n\t\t\t\t\t<a href=\"https:\/\/histary.es\/en\/edimburgo-guia-completa-para-descubrir-la-capital-escocesa-como-un-local\/\" target=\"_blank\">\n\t\t\t\t\t\tEdinburgh: A complete guide to discovering the Scottish capital like a local\t\t\t\t\t<\/a>\n\t\t\t\t<\/h4>\n\t\t\t<\/div>\n\n\t\t\t\t\t\t\t<div>\n\t\t\t\t\t<span class=\"premium-post-ticker__post-date\">\n\t\t\t\t\t\t<span>April 15, 2026<\/span>\n\t\t\t\t\t<\/span>\n\t\t\t\t<\/div>\n\t\t\t\n\t\t\t\n\t\t<\/div>\n\n\t\t\n\t\t<div class=\"premium-post-ticker__post-wrapper\">\n\n\t\t\t\n\t\t\t\n\t\t\t<div>\n\t\t\t\t<h4 class=\"premium-post-ticker__post-title\">\n\t\t\t\t\t<a href=\"https:\/\/histary.es\/en\/guerra-iran-alejandro-magno-persia\/\" target=\"_blank\">\n\t\t\t\t\t\tFrom the Iran War to Alexander the Great: The eternal conflict between East and West\t\t\t\t\t<\/a>\n\t\t\t\t<\/h4>\n\t\t\t<\/div>\n\n\t\t\t\t\t\t\t<div>\n\t\t\t\t\t<span class=\"premium-post-ticker__post-date\">\n\t\t\t\t\t\t<span>March 17, 2026<\/span>\n\t\t\t\t\t<\/span>\n\t\t\t\t<\/div>\n\t\t\t\n\t\t\t\n\t\t<\/div>\n\n\t\t\n\t\t<div class=\"premium-post-ticker__post-wrapper\">\n\n\t\t\t\n\t\t\t\n\t\t\t<div>\n\t\t\t\t<h4 class=\"premium-post-ticker__post-title\">\n\t\t\t\t\t<a href=\"https:\/\/histary.es\/en\/localizaciones-harry-potter-londres\/\" target=\"_blank\">\n\t\t\t\t\t\tHarry Potter in London: real locations where magic meets history\t\t\t\t\t<\/a>\n\t\t\t\t<\/h4>\n\t\t\t<\/div>\n\n\t\t\t\t\t\t\t<div>\n\t\t\t\t\t<span class=\"premium-post-ticker__post-date\">\n\t\t\t\t\t\t<span>February 26, 2026<\/span>\n\t\t\t\t\t<\/span>\n\t\t\t\t<\/div>\n\t\t\t\n\t\t\t\n\t\t<\/div>\n\n\t\t\n\t\t<div class=\"premium-post-ticker__post-wrapper\">\n\n\t\t\t\n\t\t\t\n\t\t\t<div>\n\t\t\t\t<h4 class=\"premium-post-ticker__post-title\">\n\t\t\t\t\t<a href=\"https:\/\/histary.es\/en\/ano-nuevo-chino-2026-caballo-de-fuego\/\" target=\"_blank\">\n\t\t\t\t\t\tChinese New Year 2026: History, Traditions and Meaning\t\t\t\t\t<\/a>\n\t\t\t\t<\/h4>\n\t\t\t<\/div>\n\n\t\t\t\t\t\t\t<div>\n\t\t\t\t\t<span class=\"premium-post-ticker__post-date\">\n\t\t\t\t\t\t<span>February 26, 2026<\/span>\n\t\t\t\t\t<\/span>\n\t\t\t\t<\/div>\n\t\t\t\n\t\t\t\n\t\t<\/div>\n\n\t\t\t\t\t\t\t\t<\/div>\n\n\t\t\t\t\t\t\t\t<div class=\"premium-post-ticker__arrows\">\n\t\t\t<a class=\"prev-arrow\" type=\"button\" role=\"button\" aria-label=\"Previous\">\n\t\t\t\t<i class=\"fas fa-angle-left\" aria-hidden=\"true\"><\/i>\n\t\t\t<\/a>\n\t\t\t<a class=\"next-arrow\" type=\"button\" role=\"button\" aria-label=\"Next\">\n\t\t\t\t<i class=\"fas fa-angle-right\" aria-hidden=\"true\"><\/i>\n\t\t\t<\/a>\n\t\t<\/div>\n\t\t\t\t\t\t\t<\/div>\n\t\t\t\t\t\t\t<\/div>\n\t\t\t\t\t\t<\/div>\n\t\t\t\t<\/div>\n\t\t\t\t<\/div>\n\t\t<div class=\"elementor-element elementor-element-f9c43ef e-con-full e-flex wpr-particle-no wpr-jarallax-no wpr-parallax-no wpr-sticky-section-no wpr-equal-height-no e-con e-child\" data-id=\"f9c43ef\" data-element_type=\"container\" data-e-type=\"container\">\n\t\t\t\t<div class=\"elementor-element elementor-element-23e485a elementor-widget elementor-widget-elementskit-post-list\" data-id=\"23e485a\" data-element_type=\"widget\" data-e-type=\"widget\" data-widget_type=\"elementskit-post-list.default\">\n\t\t\t\t<div class=\"elementor-widget-container\">\n\t\t\t\t\t<div class=\"ekit-wid-con\" >\t\t<ul class=\"elementor-icon-list-items ekit-post-list-wrapper\">\n\t\t\t\t\t\t<li class=\"elementor-icon-list-item\">\n\t\t\t\t<a href=\"https:\/\/histary.es\/en\/edimburgo-guia-completa-para-descubrir-la-capital-escocesa-como-un-local\/\" >\n\t\t\t\t\t<img decoding=\"async\" width=\"800\" height=\"534\" data-src=\"https:\/\/histary.es\/wp-content\/uploads\/2026\/04\/jure-tufekcic-vhCO0W-AQ_c-unsplash-1024x683.jpg\" class=\"attachment-large size-large wp-post-image lazyload\" alt=\"Edimburgo guia\" data-srcset=\"https:\/\/histary.es\/wp-content\/uploads\/2026\/04\/jure-tufekcic-vhCO0W-AQ_c-unsplash-1024x683.jpg 1024w, https:\/\/histary.es\/wp-content\/uploads\/2026\/04\/jure-tufekcic-vhCO0W-AQ_c-unsplash-300x200.jpg 300w, https:\/\/histary.es\/wp-content\/uploads\/2026\/04\/jure-tufekcic-vhCO0W-AQ_c-unsplash-768x512.jpg 768w, https:\/\/histary.es\/wp-content\/uploads\/2026\/04\/jure-tufekcic-vhCO0W-AQ_c-unsplash-1536x1025.jpg 1536w, https:\/\/histary.es\/wp-content\/uploads\/2026\/04\/jure-tufekcic-vhCO0W-AQ_c-unsplash-2048x1367.jpg 2048w, https:\/\/histary.es\/wp-content\/uploads\/2026\/04\/jure-tufekcic-vhCO0W-AQ_c-unsplash-18x12.jpg 18w\" data-sizes=\"(max-width: 800px) 100vw, 800px\" src=\"data:image\/svg+xml;base64,PHN2ZyB3aWR0aD0iMSIgaGVpZ2h0PSIxIiB4bWxucz0iaHR0cDovL3d3dy53My5vcmcvMjAwMC9zdmciPjwvc3ZnPg==\" style=\"--smush-placeholder-width: 800px; --smush-placeholder-aspect-ratio: 800\/534;\" \/>\t\t\t\t\t<div class=\"ekit_post_list_content_wraper\">\n\t\t\t\t\t\t\n\t\t\t\t\t\t<span class=\"elementor-icon-list-text\">Edinburgh: A complete guide to discovering the Scottish capital like a local<\/span>\n\n\t\t\t\t\t\t\t\t\t\t\t\t\t\t\t\t\t\t<div class=\"meta-lists\">\n\t\t\t\t\t\t\t\t\t\t\t\t\t\t<span class=\"meta-date\">\n\t\t\t\t\t\t\t\t<i aria-hidden=\"true\" class=\"icon icon-calendar-page-empty\"><\/i>\t\n\n\t\t\t\t\t\t\t\tApril 15, 2026\t\t\t\t\t\t\t<\/span>\n\t\t\t\t\t\t\t\n\t\t\t\t\t\t\t\t\t\t\t\t\t<\/div>\n\t\t\t\t\t\t\t\t\t\t\t<\/div>\n\t\t\t\t<\/a>\n\t\t\t<\/li>\n\t\t\t\t\t<li class=\"elementor-icon-list-item\">\n\t\t\t\t<a href=\"https:\/\/histary.es\/en\/guerra-iran-alejandro-magno-persia\/\" >\n\t\t\t\t\t<img decoding=\"async\" width=\"800\" height=\"448\" data-src=\"https:\/\/histary.es\/wp-content\/uploads\/2026\/03\/u3939334234_httpss.mj_.runT4bK8wYDezc_Ultra-realistic_cinemati_5dac95c6-c5c2-4886-9da3-da616db255c7_3-1024x574.png\" class=\"attachment-large size-large wp-post-image lazyload\" alt=\"Alejandro Magno y Dar\u00edo III frente a frente antes de la guerra\" data-srcset=\"https:\/\/histary.es\/wp-content\/uploads\/2026\/03\/u3939334234_httpss.mj_.runT4bK8wYDezc_Ultra-realistic_cinemati_5dac95c6-c5c2-4886-9da3-da616db255c7_3-1024x574.png 1024w, https:\/\/histary.es\/wp-content\/uploads\/2026\/03\/u3939334234_httpss.mj_.runT4bK8wYDezc_Ultra-realistic_cinemati_5dac95c6-c5c2-4886-9da3-da616db255c7_3-300x168.png 300w, https:\/\/histary.es\/wp-content\/uploads\/2026\/03\/u3939334234_httpss.mj_.runT4bK8wYDezc_Ultra-realistic_cinemati_5dac95c6-c5c2-4886-9da3-da616db255c7_3-768x430.png 768w, https:\/\/histary.es\/wp-content\/uploads\/2026\/03\/u3939334234_httpss.mj_.runT4bK8wYDezc_Ultra-realistic_cinemati_5dac95c6-c5c2-4886-9da3-da616db255c7_3-18x10.png 18w, https:\/\/histary.es\/wp-content\/uploads\/2026\/03\/u3939334234_httpss.mj_.runT4bK8wYDezc_Ultra-realistic_cinemati_5dac95c6-c5c2-4886-9da3-da616db255c7_3.png 1456w\" data-sizes=\"(max-width: 800px) 100vw, 800px\" src=\"data:image\/svg+xml;base64,PHN2ZyB3aWR0aD0iMSIgaGVpZ2h0PSIxIiB4bWxucz0iaHR0cDovL3d3dy53My5vcmcvMjAwMC9zdmciPjwvc3ZnPg==\" style=\"--smush-placeholder-width: 800px; --smush-placeholder-aspect-ratio: 800\/448;\" \/>\t\t\t\t\t<div class=\"ekit_post_list_content_wraper\">\n\t\t\t\t\t\t\n\t\t\t\t\t\t<span class=\"elementor-icon-list-text\">From the Iran War to Alexander the Great: The eternal conflict between East and West<\/span>\n\n\t\t\t\t\t\t\t\t\t\t\t\t\t\t\t\t\t\t<div class=\"meta-lists\">\n\t\t\t\t\t\t\t\t\t\t\t\t\t\t<span class=\"meta-date\">\n\t\t\t\t\t\t\t\t<i aria-hidden=\"true\" class=\"icon icon-calendar-page-empty\"><\/i>\t\n\n\t\t\t\t\t\t\t\tMarch 17, 2026\t\t\t\t\t\t\t<\/span>\n\t\t\t\t\t\t\t\n\t\t\t\t\t\t\t\t\t\t\t\t\t<\/div>\n\t\t\t\t\t\t\t\t\t\t\t<\/div>\n\t\t\t\t<\/a>\n\t\t\t<\/li>\n\t\t\t\t\t<li class=\"elementor-icon-list-item\">\n\t\t\t\t<a href=\"https:\/\/histary.es\/en\/localizaciones-harry-potter-londres\/\" >\n\t\t\t\t\t<img decoding=\"async\" width=\"700\" height=\"392\" data-src=\"https:\/\/histary.es\/wp-content\/uploads\/2026\/02\/Cover-London-Harry-Potter.png\" class=\"attachment-large size-large wp-post-image lazyload\" alt=\"\" data-srcset=\"https:\/\/histary.es\/wp-content\/uploads\/2026\/02\/Cover-London-Harry-Potter.png 700w, https:\/\/histary.es\/wp-content\/uploads\/2026\/02\/Cover-London-Harry-Potter-300x168.png 300w, https:\/\/histary.es\/wp-content\/uploads\/2026\/02\/Cover-London-Harry-Potter-18x10.png 18w\" data-sizes=\"(max-width: 700px) 100vw, 700px\" src=\"data:image\/svg+xml;base64,PHN2ZyB3aWR0aD0iMSIgaGVpZ2h0PSIxIiB4bWxucz0iaHR0cDovL3d3dy53My5vcmcvMjAwMC9zdmciPjwvc3ZnPg==\" style=\"--smush-placeholder-width: 700px; --smush-placeholder-aspect-ratio: 700\/392;\" \/>\t\t\t\t\t<div class=\"ekit_post_list_content_wraper\">\n\t\t\t\t\t\t\n\t\t\t\t\t\t<span class=\"elementor-icon-list-text\">Harry Potter in London: real locations where magic meets history<\/span>\n\n\t\t\t\t\t\t\t\t\t\t\t\t\t\t\t\t\t\t<div class=\"meta-lists\">\n\t\t\t\t\t\t\t\t\t\t\t\t\t\t<span class=\"meta-date\">\n\t\t\t\t\t\t\t\t<i aria-hidden=\"true\" class=\"icon icon-calendar-page-empty\"><\/i>\t\n\n\t\t\t\t\t\t\t\tFebruary 26, 2026\t\t\t\t\t\t\t<\/span>\n\t\t\t\t\t\t\t\n\t\t\t\t\t\t\t\t\t\t\t\t\t<\/div>\n\t\t\t\t\t\t\t\t\t\t\t<\/div>\n\t\t\t\t<\/a>\n\t\t\t<\/li>\n\t\t\t\t\t<li class=\"elementor-icon-list-item\">\n\t\t\t\t<a href=\"https:\/\/histary.es\/en\/ano-nuevo-chino-2026-caballo-de-fuego\/\" >\n\t\t\t\t\t<img decoding=\"async\" width=\"700\" height=\"392\" data-src=\"https:\/\/histary.es\/wp-content\/uploads\/2026\/02\/Ano-Nuevo-Chino.png\" class=\"attachment-large size-large wp-post-image lazyload\" alt=\"\" data-srcset=\"https:\/\/histary.es\/wp-content\/uploads\/2026\/02\/Ano-Nuevo-Chino.png 700w, https:\/\/histary.es\/wp-content\/uploads\/2026\/02\/Ano-Nuevo-Chino-300x168.png 300w, https:\/\/histary.es\/wp-content\/uploads\/2026\/02\/Ano-Nuevo-Chino-18x10.png 18w\" data-sizes=\"(max-width: 700px) 100vw, 700px\" src=\"data:image\/svg+xml;base64,PHN2ZyB3aWR0aD0iMSIgaGVpZ2h0PSIxIiB4bWxucz0iaHR0cDovL3d3dy53My5vcmcvMjAwMC9zdmciPjwvc3ZnPg==\" style=\"--smush-placeholder-width: 700px; --smush-placeholder-aspect-ratio: 700\/392;\" \/>\t\t\t\t\t<div class=\"ekit_post_list_content_wraper\">\n\t\t\t\t\t\t\n\t\t\t\t\t\t<span class=\"elementor-icon-list-text\">Chinese New Year 2026: History, Traditions and Meaning<\/span>\n\n\t\t\t\t\t\t\t\t\t\t\t\t\t\t\t\t\t\t<div class=\"meta-lists\">\n\t\t\t\t\t\t\t\t\t\t\t\t\t\t<span class=\"meta-date\">\n\t\t\t\t\t\t\t\t<i aria-hidden=\"true\" class=\"icon icon-calendar-page-empty\"><\/i>\t\n\n\t\t\t\t\t\t\t\tFebruary 26, 2026\t\t\t\t\t\t\t<\/span>\n\t\t\t\t\t\t\t\n\t\t\t\t\t\t\t\t\t\t\t\t\t<\/div>\n\t\t\t\t\t\t\t\t\t\t\t<\/div>\n\t\t\t\t<\/a>\n\t\t\t<\/li>\n\t\t\t\t\t<li class=\"elementor-icon-list-item\">\n\t\t\t\t<a href=\"https:\/\/histary.es\/en\/la-tierra-es-redonda-desde-hace-2-000-anos-la-historia-lo-demuestra-mejor-que-internet\/\" >\n\t\t\t\t\t<img decoding=\"async\" width=\"700\" height=\"392\" data-src=\"https:\/\/histary.es\/wp-content\/uploads\/2026\/01\/La-Tierra-es-redonda-desde-hace-2.000-anos-y-la-historia-lo-demuestra-mejor-que-Internet-2.jpg\" class=\"attachment-large size-large wp-post-image lazyload\" alt=\"historia de la Tierra redonda\" data-srcset=\"https:\/\/histary.es\/wp-content\/uploads\/2026\/01\/La-Tierra-es-redonda-desde-hace-2.000-anos-y-la-historia-lo-demuestra-mejor-que-Internet-2.jpg 700w, https:\/\/histary.es\/wp-content\/uploads\/2026\/01\/La-Tierra-es-redonda-desde-hace-2.000-anos-y-la-historia-lo-demuestra-mejor-que-Internet-2-300x168.jpg 300w, https:\/\/histary.es\/wp-content\/uploads\/2026\/01\/La-Tierra-es-redonda-desde-hace-2.000-anos-y-la-historia-lo-demuestra-mejor-que-Internet-2-18x10.jpg 18w\" data-sizes=\"(max-width: 700px) 100vw, 700px\" src=\"data:image\/svg+xml;base64,PHN2ZyB3aWR0aD0iMSIgaGVpZ2h0PSIxIiB4bWxucz0iaHR0cDovL3d3dy53My5vcmcvMjAwMC9zdmciPjwvc3ZnPg==\" style=\"--smush-placeholder-width: 700px; --smush-placeholder-aspect-ratio: 700\/392;\" \/>\t\t\t\t\t<div class=\"ekit_post_list_content_wraper\">\n\t\t\t\t\t\t\n\t\t\t\t\t\t<span class=\"elementor-icon-list-text\">The Earth has been round for 2,000 years: history proves it better than the internet.<\/span>\n\n\t\t\t\t\t\t\t\t\t\t\t\t\t\t\t\t\t\t<div class=\"meta-lists\">\n\t\t\t\t\t\t\t\t\t\t\t\t\t\t<span class=\"meta-date\">\n\t\t\t\t\t\t\t\t<i aria-hidden=\"true\" class=\"icon icon-calendar-page-empty\"><\/i>\t\n\n\t\t\t\t\t\t\t\tJanuary 20, 2026\t\t\t\t\t\t\t<\/span>\n\t\t\t\t\t\t\t\n\t\t\t\t\t\t\t\t\t\t\t\t\t<\/div>\n\t\t\t\t\t\t\t\t\t\t\t<\/div>\n\t\t\t\t<\/a>\n\t\t\t<\/li>\n\t\t\t\t\t<li class=\"elementor-icon-list-item\">\n\t\t\t\t<a href=\"https:\/\/histary.es\/en\/volver-o-no-volver-el-dilema-historico-de-las-diasporas\/\" >\n\t\t\t\t\t<img decoding=\"async\" width=\"700\" height=\"392\" data-src=\"https:\/\/histary.es\/wp-content\/uploads\/2026\/01\/Volver-o-no-volver_-El-dilema-historico-de-las-diasporas-y-lo-que-nos-ensena-la-actual-venezolana-4.jpg\" class=\"attachment-large size-large wp-post-image lazyload\" alt=\"El dilema hist\u00f3rico de las di\u00e1sporas\" data-srcset=\"https:\/\/histary.es\/wp-content\/uploads\/2026\/01\/Volver-o-no-volver_-El-dilema-historico-de-las-diasporas-y-lo-que-nos-ensena-la-actual-venezolana-4.jpg 700w, https:\/\/histary.es\/wp-content\/uploads\/2026\/01\/Volver-o-no-volver_-El-dilema-historico-de-las-diasporas-y-lo-que-nos-ensena-la-actual-venezolana-4-300x168.jpg 300w, https:\/\/histary.es\/wp-content\/uploads\/2026\/01\/Volver-o-no-volver_-El-dilema-historico-de-las-diasporas-y-lo-que-nos-ensena-la-actual-venezolana-4-18x10.jpg 18w\" data-sizes=\"(max-width: 700px) 100vw, 700px\" src=\"data:image\/svg+xml;base64,PHN2ZyB3aWR0aD0iMSIgaGVpZ2h0PSIxIiB4bWxucz0iaHR0cDovL3d3dy53My5vcmcvMjAwMC9zdmciPjwvc3ZnPg==\" style=\"--smush-placeholder-width: 700px; --smush-placeholder-aspect-ratio: 700\/392;\" \/>\t\t\t\t\t<div class=\"ekit_post_list_content_wraper\">\n\t\t\t\t\t\t\n\t\t\t\t\t\t<span class=\"elementor-icon-list-text\">To return or not to return? The historical dilemma of diasporas (and what the current Venezuelan one teaches us)<\/span>\n\n\t\t\t\t\t\t\t\t\t\t\t\t\t\t\t\t\t\t<div class=\"meta-lists\">\n\t\t\t\t\t\t\t\t\t\t\t\t\t\t<span class=\"meta-date\">\n\t\t\t\t\t\t\t\t<i aria-hidden=\"true\" class=\"icon icon-calendar-page-empty\"><\/i>\t\n\n\t\t\t\t\t\t\t\tJanuary 9, 2026\t\t\t\t\t\t\t<\/span>\n\t\t\t\t\t\t\t\n\t\t\t\t\t\t\t\t\t\t\t\t\t<\/div>\n\t\t\t\t\t\t\t\t\t\t\t<\/div>\n\t\t\t\t<\/a>\n\t\t\t<\/li>\n\t\t\t\t\t<li class=\"elementor-icon-list-item\">\n\t\t\t\t<a href=\"https:\/\/histary.es\/en\/reyes-que-murieron-de-las-formas-mas-absurdas-de-la-historia\/\" >\n\t\t\t\t\t<img decoding=\"async\" width=\"700\" height=\"392\" data-src=\"https:\/\/histary.es\/wp-content\/uploads\/2025\/12\/Reyes-que-murieron-de-las-formas-mas-absurdas-de-la-historia.jpg\" class=\"attachment-large size-large wp-post-image lazyload\" alt=\"Reyes que murieron de las formas m\u00e1s absurdas de la historia\" data-srcset=\"https:\/\/histary.es\/wp-content\/uploads\/2025\/12\/Reyes-que-murieron-de-las-formas-mas-absurdas-de-la-historia.jpg 700w, https:\/\/histary.es\/wp-content\/uploads\/2025\/12\/Reyes-que-murieron-de-las-formas-mas-absurdas-de-la-historia-300x168.jpg 300w, https:\/\/histary.es\/wp-content\/uploads\/2025\/12\/Reyes-que-murieron-de-las-formas-mas-absurdas-de-la-historia-18x10.jpg 18w\" data-sizes=\"(max-width: 700px) 100vw, 700px\" src=\"data:image\/svg+xml;base64,PHN2ZyB3aWR0aD0iMSIgaGVpZ2h0PSIxIiB4bWxucz0iaHR0cDovL3d3dy53My5vcmcvMjAwMC9zdmciPjwvc3ZnPg==\" style=\"--smush-placeholder-width: 700px; --smush-placeholder-aspect-ratio: 700\/392;\" \/>\t\t\t\t\t<div class=\"ekit_post_list_content_wraper\">\n\t\t\t\t\t\t\n\t\t\t\t\t\t<span class=\"elementor-icon-list-text\">Kings who died in the most absurd ways in history<\/span>\n\n\t\t\t\t\t\t\t\t\t\t\t\t\t\t\t\t\t\t<div class=\"meta-lists\">\n\t\t\t\t\t\t\t\t\t\t\t\t\t\t<span class=\"meta-date\">\n\t\t\t\t\t\t\t\t<i aria-hidden=\"true\" class=\"icon icon-calendar-page-empty\"><\/i>\t\n\n\t\t\t\t\t\t\t\tDecember 29, 2025\t\t\t\t\t\t\t<\/span>\n\t\t\t\t\t\t\t\n\t\t\t\t\t\t\t\t\t\t\t\t\t<\/div>\n\t\t\t\t\t\t\t\t\t\t\t<\/div>\n\t\t\t\t<\/a>\n\t\t\t<\/li>\n\t\t\t\t\t<li class=\"elementor-icon-list-item\">\n\t\t\t\t<a href=\"https:\/\/histary.es\/en\/incendio-del-alcazar-de-madrid\/\" >\n\t\t\t\t\t<img decoding=\"async\" width=\"700\" height=\"392\" data-src=\"https:\/\/histary.es\/wp-content\/uploads\/2025\/11\/Incendio-del-Alcazar-de-Madrid.jpg\" class=\"attachment-large size-large wp-post-image lazyload\" alt=\"incendio del Alc\u00e1zar de Madrid\" data-srcset=\"https:\/\/histary.es\/wp-content\/uploads\/2025\/11\/Incendio-del-Alcazar-de-Madrid.jpg 700w, https:\/\/histary.es\/wp-content\/uploads\/2025\/11\/Incendio-del-Alcazar-de-Madrid-300x168.jpg 300w, https:\/\/histary.es\/wp-content\/uploads\/2025\/11\/Incendio-del-Alcazar-de-Madrid-18x10.jpg 18w\" data-sizes=\"(max-width: 700px) 100vw, 700px\" src=\"data:image\/svg+xml;base64,PHN2ZyB3aWR0aD0iMSIgaGVpZ2h0PSIxIiB4bWxucz0iaHR0cDovL3d3dy53My5vcmcvMjAwMC9zdmciPjwvc3ZnPg==\" style=\"--smush-placeholder-width: 700px; --smush-placeholder-aspect-ratio: 700\/392;\" \/>\t\t\t\t\t<div class=\"ekit_post_list_content_wraper\">\n\t\t\t\t\t\t\n\t\t\t\t\t\t<span class=\"elementor-icon-list-text\">The fire at the Alc\u00e1zar of Madrid: it changed the city forever: Was Philip V to blame?<\/span>\n\n\t\t\t\t\t\t\t\t\t\t\t\t\t\t\t\t\t\t<div class=\"meta-lists\">\n\t\t\t\t\t\t\t\t\t\t\t\t\t\t<span class=\"meta-date\">\n\t\t\t\t\t\t\t\t<i aria-hidden=\"true\" class=\"icon icon-calendar-page-empty\"><\/i>\t\n\n\t\t\t\t\t\t\t\tNovember 20, 2025\t\t\t\t\t\t\t<\/span>\n\t\t\t\t\t\t\t\n\t\t\t\t\t\t\t\t\t\t\t\t\t<\/div>\n\t\t\t\t\t\t\t\t\t\t\t<\/div>\n\t\t\t\t<\/a>\n\t\t\t<\/li>\n\t\t\t\t\t<li class=\"elementor-icon-list-item\">\n\t\t\t\t<a href=\"https:\/\/histary.es\/en\/argentina-de-potencia-mundial-a-meme-economico-y-vuelta-otra-vez-duplicate-8407\/\" >\n\t\t\t\t\t<img decoding=\"async\" width=\"700\" height=\"392\" data-src=\"https:\/\/histary.es\/wp-content\/uploads\/2025\/11\/Argentina-de-potencia-mundial-a-meme-economico.jpg\" class=\"attachment-large size-large wp-post-image lazyload\" alt=\"historia de Argentina\" data-srcset=\"https:\/\/histary.es\/wp-content\/uploads\/2025\/11\/Argentina-de-potencia-mundial-a-meme-economico.jpg 700w, https:\/\/histary.es\/wp-content\/uploads\/2025\/11\/Argentina-de-potencia-mundial-a-meme-economico-300x168.jpg 300w, https:\/\/histary.es\/wp-content\/uploads\/2025\/11\/Argentina-de-potencia-mundial-a-meme-economico-18x10.jpg 18w\" data-sizes=\"(max-width: 700px) 100vw, 700px\" src=\"data:image\/svg+xml;base64,PHN2ZyB3aWR0aD0iMSIgaGVpZ2h0PSIxIiB4bWxucz0iaHR0cDovL3d3dy53My5vcmcvMjAwMC9zdmciPjwvc3ZnPg==\" style=\"--smush-placeholder-width: 700px; --smush-placeholder-aspect-ratio: 700\/392;\" \/>\t\t\t\t\t<div class=\"ekit_post_list_content_wraper\">\n\t\t\t\t\t\t\n\t\t\t\t\t\t<span class=\"elementor-icon-list-text\">Argentina: from world power to economic meme (and back again)<\/span>\n\n\t\t\t\t\t\t\t\t\t\t\t\t\t\t\t\t\t\t<div class=\"meta-lists\">\n\t\t\t\t\t\t\t\t\t\t\t\t\t\t<span class=\"meta-date\">\n\t\t\t\t\t\t\t\t<i aria-hidden=\"true\" class=\"icon icon-calendar-page-empty\"><\/i>\t\n\n\t\t\t\t\t\t\t\tNovember 12, 2025\t\t\t\t\t\t\t<\/span>\n\t\t\t\t\t\t\t\n\t\t\t\t\t\t\t\t\t\t\t\t\t<\/div>\n\t\t\t\t\t\t\t\t\t\t\t<\/div>\n\t\t\t\t<\/a>\n\t\t\t<\/li>\n\t\t\t\t\t<li class=\"elementor-icon-list-item\">\n\t\t\t\t<a href=\"https:\/\/histary.es\/en\/duelos-en-el-madrid-de-los-austrias\/\" >\n\t\t\t\t\t<img decoding=\"async\" width=\"700\" height=\"392\" data-src=\"https:\/\/histary.es\/wp-content\/uploads\/2025\/10\/Calle-del-Codo.jpg\" class=\"attachment-large size-large wp-post-image lazyload\" alt=\"duelos en el Madrid de los Austrias\" data-srcset=\"https:\/\/histary.es\/wp-content\/uploads\/2025\/10\/Calle-del-Codo.jpg 700w, https:\/\/histary.es\/wp-content\/uploads\/2025\/10\/Calle-del-Codo-300x168.jpg 300w, https:\/\/histary.es\/wp-content\/uploads\/2025\/10\/Calle-del-Codo-18x10.jpg 18w\" data-sizes=\"(max-width: 700px) 100vw, 700px\" src=\"data:image\/svg+xml;base64,PHN2ZyB3aWR0aD0iMSIgaGVpZ2h0PSIxIiB4bWxucz0iaHR0cDovL3d3dy53My5vcmcvMjAwMC9zdmciPjwvc3ZnPg==\" style=\"--smush-placeholder-width: 700px; --smush-placeholder-aspect-ratio: 700\/392;\" \/>\t\t\t\t\t<div class=\"ekit_post_list_content_wraper\">\n\t\t\t\t\t\t\n\t\t\t\t\t\t<span class=\"elementor-icon-list-text\">Calle del Codo and the duels in the Madrid of the Habsburgs: history, Quevedo, and secrets you&#039;ll discover on our tour.<\/span>\n\n\t\t\t\t\t\t\t\t\t\t\t\t\t\t\t\t\t\t<div class=\"meta-lists\">\n\t\t\t\t\t\t\t\t\t\t\t\t\t\t<span class=\"meta-date\">\n\t\t\t\t\t\t\t\t<i aria-hidden=\"true\" class=\"icon icon-calendar-page-empty\"><\/i>\t\n\n\t\t\t\t\t\t\t\tOctober 22, 2025\t\t\t\t\t\t\t<\/span>\n\t\t\t\t\t\t\t\n\t\t\t\t\t\t\t\t\t\t\t\t\t<\/div>\n\t\t\t\t\t\t\t\t\t\t\t<\/div>\n\t\t\t\t<\/a>\n\t\t\t<\/li>\n\t\t\t\t<\/ul>\n\t\t<\/div>\t\t\t\t<\/div>\n\t\t\t\t<\/div>\n\t\t\t\t<\/div>\n\t\t\t\t\t<\/div>\n\t\t\t\t<\/div>\n\t\t\t\t<\/div>","protected":false},"excerpt":{"rendered":"<p>FC Barcelona, famous for its motto \u201cM\u00e9s que un club\u201d, has a history that goes beyond its victories on the field and its image as a symbol of Catalan resistance.<\/p>","protected":false},"author":1,"featured_media":6720,"comment_status":"closed","ping_status":"closed","sticky":false,"template":"elementor_theme","format":"standard","meta":{"_eb_attr":"","_joinchat":[],"footnotes":""},"categories":[1],"tags":[],"class_list":["post-5680","post","type-post","status-publish","format-standard","has-post-thumbnail","hentry","category-uncategorized"],"yoast_head":"<!-- This site is optimized with the Yoast SEO plugin v27.5 - https:\/\/yoast.com\/product\/yoast-seo-wordpress\/ -->\n<title>Historias y Leyendas de Empresas - Episodio 4: FC Barcelona, M\u00e1s que un club. El lado oscuro del FC Barcelona. - HistARy<\/title>\n<meta name=\"description\" content=\"El FC Barcelona, famoso por su lema \u00abM\u00e9s que un club\u00bb, tiene una historia que va m\u00e1s all\u00e1 de sus victorias en el campo y su imagen como s\u00edmbolo de resistencia catalana.\" \/>\n<meta name=\"robots\" content=\"index, follow, max-snippet:-1, max-image-preview:large, max-video-preview:-1\" \/>\n<link rel=\"canonical\" href=\"https:\/\/histary.es\/en\/historias-y-leyendas-de-empresas-episodio-4-fc-barcelona-mas-que-un-club-el-lado-oscuro-del-fc-barcelona\/\" \/>\n<meta property=\"og:locale\" content=\"en_US\" \/>\n<meta property=\"og:type\" content=\"article\" \/>\n<meta property=\"og:title\" content=\"Historias y Leyendas de Empresas - Episodio 4: FC Barcelona, M\u00e1s que un club. El lado oscuro del FC Barcelona. - HistARy\" \/>\n<meta property=\"og:description\" content=\"El FC Barcelona, famoso por su lema \u00abM\u00e9s que un club\u00bb, tiene una historia que va m\u00e1s all\u00e1 de sus victorias en el campo y su imagen como s\u00edmbolo de resistencia catalana.\" \/>\n<meta property=\"og:url\" content=\"https:\/\/histary.es\/en\/historias-y-leyendas-de-empresas-episodio-4-fc-barcelona-mas-que-un-club-el-lado-oscuro-del-fc-barcelona\/\" \/>\n<meta property=\"og:site_name\" content=\"HistARy\" \/>\n<meta property=\"article:publisher\" content=\"https:\/\/www.facebook.com\/hlcomedytours\" \/>\n<meta property=\"article:published_time\" content=\"2024-10-24T13:23:34+00:00\" \/>\n<meta property=\"article:modified_time\" content=\"2026-04-14T15:15:04+00:00\" \/>\n<meta property=\"og:image\" content=\"https:\/\/histary.es\/wp-content\/uploads\/2024\/10\/Portada-2-scaled.webp\" \/>\n\t<meta property=\"og:image:width\" content=\"2560\" \/>\n\t<meta property=\"og:image:height\" content=\"1438\" \/>\n\t<meta property=\"og:image:type\" content=\"image\/webp\" \/>\n<meta name=\"author\" content=\"HistARy_Admin\" \/>\n<meta name=\"twitter:card\" content=\"summary_large_image\" \/>\n<meta name=\"twitter:label1\" content=\"Written by\" \/>\n\t<meta name=\"twitter:data1\" content=\"HistARy_Admin\" \/>\n\t<meta name=\"twitter:label2\" content=\"Est. reading time\" \/>\n\t<meta name=\"twitter:data2\" content=\"6 minutes\" \/>\n<script type=\"application\/ld+json\" class=\"yoast-schema-graph\">{\"@context\":\"https:\\\/\\\/schema.org\",\"@graph\":[{\"@type\":\"Article\",\"@id\":\"https:\\\/\\\/histary.es\\\/historias-y-leyendas-de-empresas-episodio-4-fc-barcelona-mas-que-un-club-el-lado-oscuro-del-fc-barcelona\\\/#article\",\"isPartOf\":{\"@id\":\"https:\\\/\\\/histary.es\\\/historias-y-leyendas-de-empresas-episodio-4-fc-barcelona-mas-que-un-club-el-lado-oscuro-del-fc-barcelona\\\/\"},\"author\":{\"name\":\"HistARy_Admin\",\"@id\":\"https:\\\/\\\/histary.es\\\/#\\\/schema\\\/person\\\/76f081d606d406cef945b6d2ee11c7b4\"},\"headline\":\"Historias y Leyendas de Empresas &#8211; Episodio 4: FC Barcelona, M\u00e1s que un club. El lado oscuro del FC Barcelona.\",\"datePublished\":\"2024-10-24T13:23:34+00:00\",\"dateModified\":\"2026-04-14T15:15:04+00:00\",\"mainEntityOfPage\":{\"@id\":\"https:\\\/\\\/histary.es\\\/historias-y-leyendas-de-empresas-episodio-4-fc-barcelona-mas-que-un-club-el-lado-oscuro-del-fc-barcelona\\\/\"},\"wordCount\":1026,\"publisher\":{\"@id\":\"https:\\\/\\\/histary.es\\\/#organization\"},\"image\":{\"@id\":\"https:\\\/\\\/histary.es\\\/historias-y-leyendas-de-empresas-episodio-4-fc-barcelona-mas-que-un-club-el-lado-oscuro-del-fc-barcelona\\\/#primaryimage\"},\"thumbnailUrl\":\"https:\\\/\\\/histary.es\\\/wp-content\\\/uploads\\\/2024\\\/10\\\/Portada-2-scaled.webp\",\"inLanguage\":\"en-US\"},{\"@type\":\"WebPage\",\"@id\":\"https:\\\/\\\/histary.es\\\/historias-y-leyendas-de-empresas-episodio-4-fc-barcelona-mas-que-un-club-el-lado-oscuro-del-fc-barcelona\\\/\",\"url\":\"https:\\\/\\\/histary.es\\\/historias-y-leyendas-de-empresas-episodio-4-fc-barcelona-mas-que-un-club-el-lado-oscuro-del-fc-barcelona\\\/\",\"name\":\"Historias y Leyendas de Empresas - Episodio 4: FC Barcelona, M\u00e1s que un club. El lado oscuro del FC Barcelona. - HistARy\",\"isPartOf\":{\"@id\":\"https:\\\/\\\/histary.es\\\/#website\"},\"primaryImageOfPage\":{\"@id\":\"https:\\\/\\\/histary.es\\\/historias-y-leyendas-de-empresas-episodio-4-fc-barcelona-mas-que-un-club-el-lado-oscuro-del-fc-barcelona\\\/#primaryimage\"},\"image\":{\"@id\":\"https:\\\/\\\/histary.es\\\/historias-y-leyendas-de-empresas-episodio-4-fc-barcelona-mas-que-un-club-el-lado-oscuro-del-fc-barcelona\\\/#primaryimage\"},\"thumbnailUrl\":\"https:\\\/\\\/histary.es\\\/wp-content\\\/uploads\\\/2024\\\/10\\\/Portada-2-scaled.webp\",\"datePublished\":\"2024-10-24T13:23:34+00:00\",\"dateModified\":\"2026-04-14T15:15:04+00:00\",\"description\":\"El FC Barcelona, famoso por su lema \u00abM\u00e9s que un club\u00bb, tiene una historia que va m\u00e1s all\u00e1 de sus victorias en el campo y su imagen como s\u00edmbolo de resistencia catalana.\",\"breadcrumb\":{\"@id\":\"https:\\\/\\\/histary.es\\\/historias-y-leyendas-de-empresas-episodio-4-fc-barcelona-mas-que-un-club-el-lado-oscuro-del-fc-barcelona\\\/#breadcrumb\"},\"inLanguage\":\"en-US\",\"potentialAction\":[{\"@type\":\"ReadAction\",\"target\":[\"https:\\\/\\\/histary.es\\\/historias-y-leyendas-de-empresas-episodio-4-fc-barcelona-mas-que-un-club-el-lado-oscuro-del-fc-barcelona\\\/\"]}]},{\"@type\":\"ImageObject\",\"inLanguage\":\"en-US\",\"@id\":\"https:\\\/\\\/histary.es\\\/historias-y-leyendas-de-empresas-episodio-4-fc-barcelona-mas-que-un-club-el-lado-oscuro-del-fc-barcelona\\\/#primaryimage\",\"url\":\"https:\\\/\\\/histary.es\\\/wp-content\\\/uploads\\\/2024\\\/10\\\/Portada-2-scaled.webp\",\"contentUrl\":\"https:\\\/\\\/histary.es\\\/wp-content\\\/uploads\\\/2024\\\/10\\\/Portada-2-scaled.webp\",\"width\":2560,\"height\":1438},{\"@type\":\"BreadcrumbList\",\"@id\":\"https:\\\/\\\/histary.es\\\/historias-y-leyendas-de-empresas-episodio-4-fc-barcelona-mas-que-un-club-el-lado-oscuro-del-fc-barcelona\\\/#breadcrumb\",\"itemListElement\":[{\"@type\":\"ListItem\",\"position\":1,\"name\":\"Portada\",\"item\":\"https:\\\/\\\/histary.es\\\/\"},{\"@type\":\"ListItem\",\"position\":2,\"name\":\"Historias y Leyendas de Empresas &#8211; Episodio 4: FC Barcelona, M\u00e1s que un club. El lado oscuro del FC Barcelona.\"}]},{\"@type\":\"WebSite\",\"@id\":\"https:\\\/\\\/histary.es\\\/#website\",\"url\":\"https:\\\/\\\/histary.es\\\/\",\"name\":\"HistARy\",\"description\":\"Vive la historia a trav\u00e9s de la realidad aumentada\\u2028\",\"publisher\":{\"@id\":\"https:\\\/\\\/histary.es\\\/#organization\"},\"potentialAction\":[{\"@type\":\"SearchAction\",\"target\":{\"@type\":\"EntryPoint\",\"urlTemplate\":\"https:\\\/\\\/histary.es\\\/?s={search_term_string}\"},\"query-input\":{\"@type\":\"PropertyValueSpecification\",\"valueRequired\":true,\"valueName\":\"search_term_string\"}}],\"inLanguage\":\"en-US\"},{\"@type\":\"Organization\",\"@id\":\"https:\\\/\\\/histary.es\\\/#organization\",\"name\":\"HistARy\",\"url\":\"https:\\\/\\\/histary.es\\\/\",\"logo\":{\"@type\":\"ImageObject\",\"inLanguage\":\"en-US\",\"@id\":\"https:\\\/\\\/histary.es\\\/#\\\/schema\\\/logo\\\/image\\\/\",\"url\":\"https:\\\/\\\/histary.es\\\/wp-content\\\/uploads\\\/2024\\\/08\\\/logo-his300.png\",\"contentUrl\":\"https:\\\/\\\/histary.es\\\/wp-content\\\/uploads\\\/2024\\\/08\\\/logo-his300.png\",\"width\":2252,\"height\":705,\"caption\":\"HistARy\"},\"image\":{\"@id\":\"https:\\\/\\\/histary.es\\\/#\\\/schema\\\/logo\\\/image\\\/\"},\"sameAs\":[\"https:\\\/\\\/www.facebook.com\\\/hlcomedytours\",\"https:\\\/\\\/www.instagram.com\\\/histarytours\\\/\",\"https:\\\/\\\/www.linkedin.com\\\/company\\\/hl-comedy-tours\\\/\",\"https:\\\/\\\/www.tiktok.com\\\/@hlcomedytours\"]},{\"@type\":\"Person\",\"@id\":\"https:\\\/\\\/histary.es\\\/#\\\/schema\\\/person\\\/76f081d606d406cef945b6d2ee11c7b4\",\"name\":\"HistARy_Admin\",\"image\":{\"@type\":\"ImageObject\",\"inLanguage\":\"en-US\",\"@id\":\"https:\\\/\\\/histary.es\\\/wp-content\\\/litespeed\\\/avatar\\\/23a823fbdb6742908325da2a01c1a119.jpg?ver=1777425062\",\"url\":\"https:\\\/\\\/histary.es\\\/wp-content\\\/litespeed\\\/avatar\\\/23a823fbdb6742908325da2a01c1a119.jpg?ver=1777425062\",\"contentUrl\":\"https:\\\/\\\/histary.es\\\/wp-content\\\/litespeed\\\/avatar\\\/23a823fbdb6742908325da2a01c1a119.jpg?ver=1777425062\",\"caption\":\"HistARy_Admin\"},\"sameAs\":[\"https:\\\/\\\/histary.es\"],\"url\":\"https:\\\/\\\/histary.es\\\/en\\\/author\\\/histary_admin\\\/\"}]}<\/script>\n<!-- \/ Yoast SEO plugin. -->","yoast_head_json":{"title":"Business Stories and Legends - Episode 4: FC Barcelona, More than a Club. The Dark Side of FC Barcelona. - HistARy","description":"FC Barcelona, famous for its motto \u201cM\u00e9s que un club\u201d, has a history that goes beyond its victories on the field and its image as a symbol of Catalan resistance.","robots":{"index":"index","follow":"follow","max-snippet":"max-snippet:-1","max-image-preview":"max-image-preview:large","max-video-preview":"max-video-preview:-1"},"canonical":"https:\/\/histary.es\/en\/historias-y-leyendas-de-empresas-episodio-4-fc-barcelona-mas-que-un-club-el-lado-oscuro-del-fc-barcelona\/","og_locale":"en_US","og_type":"article","og_title":"Historias y Leyendas de Empresas - Episodio 4: FC Barcelona, M\u00e1s que un club. El lado oscuro del FC Barcelona. - HistARy","og_description":"El FC Barcelona, famoso por su lema \u00abM\u00e9s que un club\u00bb, tiene una historia que va m\u00e1s all\u00e1 de sus victorias en el campo y su imagen como s\u00edmbolo de resistencia catalana.","og_url":"https:\/\/histary.es\/en\/historias-y-leyendas-de-empresas-episodio-4-fc-barcelona-mas-que-un-club-el-lado-oscuro-del-fc-barcelona\/","og_site_name":"HistARy","article_publisher":"https:\/\/www.facebook.com\/hlcomedytours","article_published_time":"2024-10-24T13:23:34+00:00","article_modified_time":"2026-04-14T15:15:04+00:00","og_image":[{"width":2560,"height":1438,"url":"https:\/\/histary.es\/wp-content\/uploads\/2024\/10\/Portada-2-scaled.webp","type":"image\/webp"}],"author":"HistARy_Admin","twitter_card":"summary_large_image","twitter_misc":{"Written by":"HistARy_Admin","Est. reading time":"6 minutes"},"schema":{"@context":"https:\/\/schema.org","@graph":[{"@type":"Article","@id":"https:\/\/histary.es\/historias-y-leyendas-de-empresas-episodio-4-fc-barcelona-mas-que-un-club-el-lado-oscuro-del-fc-barcelona\/#article","isPartOf":{"@id":"https:\/\/histary.es\/historias-y-leyendas-de-empresas-episodio-4-fc-barcelona-mas-que-un-club-el-lado-oscuro-del-fc-barcelona\/"},"author":{"name":"HistARy_Admin","@id":"https:\/\/histary.es\/#\/schema\/person\/76f081d606d406cef945b6d2ee11c7b4"},"headline":"Historias y Leyendas de Empresas &#8211; Episodio 4: FC Barcelona, M\u00e1s que un club. El lado oscuro del FC Barcelona.","datePublished":"2024-10-24T13:23:34+00:00","dateModified":"2026-04-14T15:15:04+00:00","mainEntityOfPage":{"@id":"https:\/\/histary.es\/historias-y-leyendas-de-empresas-episodio-4-fc-barcelona-mas-que-un-club-el-lado-oscuro-del-fc-barcelona\/"},"wordCount":1026,"publisher":{"@id":"https:\/\/histary.es\/#organization"},"image":{"@id":"https:\/\/histary.es\/historias-y-leyendas-de-empresas-episodio-4-fc-barcelona-mas-que-un-club-el-lado-oscuro-del-fc-barcelona\/#primaryimage"},"thumbnailUrl":"https:\/\/histary.es\/wp-content\/uploads\/2024\/10\/Portada-2-scaled.webp","inLanguage":"en-US"},{"@type":"WebPage","@id":"https:\/\/histary.es\/historias-y-leyendas-de-empresas-episodio-4-fc-barcelona-mas-que-un-club-el-lado-oscuro-del-fc-barcelona\/","url":"https:\/\/histary.es\/historias-y-leyendas-de-empresas-episodio-4-fc-barcelona-mas-que-un-club-el-lado-oscuro-del-fc-barcelona\/","name":"Business Stories and Legends - Episode 4: FC Barcelona, More than a Club. The Dark Side of FC Barcelona. - HistARy","isPartOf":{"@id":"https:\/\/histary.es\/#website"},"primaryImageOfPage":{"@id":"https:\/\/histary.es\/historias-y-leyendas-de-empresas-episodio-4-fc-barcelona-mas-que-un-club-el-lado-oscuro-del-fc-barcelona\/#primaryimage"},"image":{"@id":"https:\/\/histary.es\/historias-y-leyendas-de-empresas-episodio-4-fc-barcelona-mas-que-un-club-el-lado-oscuro-del-fc-barcelona\/#primaryimage"},"thumbnailUrl":"https:\/\/histary.es\/wp-content\/uploads\/2024\/10\/Portada-2-scaled.webp","datePublished":"2024-10-24T13:23:34+00:00","dateModified":"2026-04-14T15:15:04+00:00","description":"FC Barcelona, famous for its motto \u201cM\u00e9s que un club\u201d, has a history that goes beyond its victories on the field and its image as a symbol of Catalan resistance.","breadcrumb":{"@id":"https:\/\/histary.es\/historias-y-leyendas-de-empresas-episodio-4-fc-barcelona-mas-que-un-club-el-lado-oscuro-del-fc-barcelona\/#breadcrumb"},"inLanguage":"en-US","potentialAction":[{"@type":"ReadAction","target":["https:\/\/histary.es\/historias-y-leyendas-de-empresas-episodio-4-fc-barcelona-mas-que-un-club-el-lado-oscuro-del-fc-barcelona\/"]}]},{"@type":"ImageObject","inLanguage":"en-US","@id":"https:\/\/histary.es\/historias-y-leyendas-de-empresas-episodio-4-fc-barcelona-mas-que-un-club-el-lado-oscuro-del-fc-barcelona\/#primaryimage","url":"https:\/\/histary.es\/wp-content\/uploads\/2024\/10\/Portada-2-scaled.webp","contentUrl":"https:\/\/histary.es\/wp-content\/uploads\/2024\/10\/Portada-2-scaled.webp","width":2560,"height":1438},{"@type":"BreadcrumbList","@id":"https:\/\/histary.es\/historias-y-leyendas-de-empresas-episodio-4-fc-barcelona-mas-que-un-club-el-lado-oscuro-del-fc-barcelona\/#breadcrumb","itemListElement":[{"@type":"ListItem","position":1,"name":"Portada","item":"https:\/\/histary.es\/"},{"@type":"ListItem","position":2,"name":"Historias y Leyendas de Empresas &#8211; Episodio 4: FC Barcelona, M\u00e1s que un club. El lado oscuro del FC Barcelona."}]},{"@type":"WebSite","@id":"https:\/\/histary.es\/#website","url":"https:\/\/histary.es\/","name":"History","description":"Experience history through augmented reality","publisher":{"@id":"https:\/\/histary.es\/#organization"},"potentialAction":[{"@type":"SearchAction","target":{"@type":"EntryPoint","urlTemplate":"https:\/\/histary.es\/?s={search_term_string}"},"query-input":{"@type":"PropertyValueSpecification","valueRequired":true,"valueName":"search_term_string"}}],"inLanguage":"en-US"},{"@type":"Organization","@id":"https:\/\/histary.es\/#organization","name":"History","url":"https:\/\/histary.es\/","logo":{"@type":"ImageObject","inLanguage":"en-US","@id":"https:\/\/histary.es\/#\/schema\/logo\/image\/","url":"https:\/\/histary.es\/wp-content\/uploads\/2024\/08\/logo-his300.png","contentUrl":"https:\/\/histary.es\/wp-content\/uploads\/2024\/08\/logo-his300.png","width":2252,"height":705,"caption":"HistARy"},"image":{"@id":"https:\/\/histary.es\/#\/schema\/logo\/image\/"},"sameAs":["https:\/\/www.facebook.com\/hlcomedytours","https:\/\/www.instagram.com\/histarytours\/","https:\/\/www.linkedin.com\/company\/hl-comedy-tours\/","https:\/\/www.tiktok.com\/@hlcomedytours"]},{"@type":"Person","@id":"https:\/\/histary.es\/#\/schema\/person\/76f081d606d406cef945b6d2ee11c7b4","name":"HistARy_Admin","image":{"@type":"ImageObject","inLanguage":"en-US","@id":"https:\/\/histary.es\/wp-content\/litespeed\/avatar\/23a823fbdb6742908325da2a01c1a119.jpg?ver=1777425062","url":"https:\/\/histary.es\/wp-content\/litespeed\/avatar\/23a823fbdb6742908325da2a01c1a119.jpg?ver=1777425062","contentUrl":"https:\/\/histary.es\/wp-content\/litespeed\/avatar\/23a823fbdb6742908325da2a01c1a119.jpg?ver=1777425062","caption":"HistARy_Admin"},"sameAs":["https:\/\/histary.es"],"url":"https:\/\/histary.es\/en\/author\/histary_admin\/"}]}},"_links":{"self":[{"href":"https:\/\/histary.es\/en\/wp-json\/wp\/v2\/posts\/5680","targetHints":{"allow":["GET"]}}],"collection":[{"href":"https:\/\/histary.es\/en\/wp-json\/wp\/v2\/posts"}],"about":[{"href":"https:\/\/histary.es\/en\/wp-json\/wp\/v2\/types\/post"}],"author":[{"embeddable":true,"href":"https:\/\/histary.es\/en\/wp-json\/wp\/v2\/users\/1"}],"replies":[{"embeddable":true,"href":"https:\/\/histary.es\/en\/wp-json\/wp\/v2\/comments?post=5680"}],"version-history":[{"count":1,"href":"https:\/\/histary.es\/en\/wp-json\/wp\/v2\/posts\/5680\/revisions"}],"predecessor-version":[{"id":8607,"href":"https:\/\/histary.es\/en\/wp-json\/wp\/v2\/posts\/5680\/revisions\/8607"}],"wp:featuredmedia":[{"embeddable":true,"href":"https:\/\/histary.es\/en\/wp-json\/wp\/v2\/media\/6720"}],"wp:attachment":[{"href":"https:\/\/histary.es\/en\/wp-json\/wp\/v2\/media?parent=5680"}],"wp:term":[{"taxonomy":"category","embeddable":true,"href":"https:\/\/histary.es\/en\/wp-json\/wp\/v2\/categories?post=5680"},{"taxonomy":"post_tag","embeddable":true,"href":"https:\/\/histary.es\/en\/wp-json\/wp\/v2\/tags?post=5680"}],"curies":[{"name":"wp","href":"https:\/\/api.w.org\/{rel}","templated":true}]}}