{"id":5672,"date":"2024-10-10T13:18:02","date_gmt":"2024-10-10T13:18:02","guid":{"rendered":"https:\/\/histary.es\/?p=5672"},"modified":"2026-04-14T15:14:33","modified_gmt":"2026-04-14T15:14:33","slug":"episodio-3-corporaciones-modernos-y-su-pasado-nazi-el-lado-oscuro-del-capitalismo","status":"publish","type":"post","link":"https:\/\/histary.es\/en\/episodio-3-corporaciones-modernos-y-su-pasado-nazi-el-lado-oscuro-del-capitalismo\/","title":{"rendered":"Business Stories and Legends \u2013 Episode 3: Modern Corporations and Their Nazi Past. The Dark Side of Capitalism."},"content":{"rendered":"<div data-elementor-type=\"wp-post\" data-elementor-id=\"5672\" class=\"elementor elementor-5672\">\n\t\t\t\t<div class=\"elementor-element elementor-element-5931253 e-flex e-con-boxed wpr-particle-no wpr-jarallax-no wpr-parallax-no wpr-sticky-section-no wpr-equal-height-no e-con e-parent\" data-id=\"5931253\" data-element_type=\"container\" data-e-type=\"container\">\n\t\t\t\t\t<div class=\"e-con-inner\">\n\t\t<div class=\"elementor-element elementor-element-3944484 e-con-full e-flex wpr-particle-no wpr-jarallax-no wpr-parallax-no wpr-sticky-section-no wpr-equal-height-no e-con e-child\" data-id=\"3944484\" data-element_type=\"container\" data-e-type=\"container\">\n\t\t\t\t<div class=\"elementor-element elementor-element-1c83342 elementor-widget elementor-widget-heading\" data-id=\"1c83342\" data-element_type=\"widget\" data-e-type=\"widget\" data-widget_type=\"heading.default\">\n\t\t\t\t<div class=\"elementor-widget-container\">\n\t\t\t\t\t<h2 class=\"elementor-heading-title elementor-size-default\"><b>Business Stories and Legends <\/b><\/h2>\t\t\t\t<\/div>\n\t\t\t\t<\/div>\n\t\t\t\t<div class=\"elementor-element elementor-element-db431d1 elementor-widget elementor-widget-heading\" data-id=\"db431d1\" data-element_type=\"widget\" data-e-type=\"widget\" data-widget_type=\"heading.default\">\n\t\t\t\t<div class=\"elementor-widget-container\">\n\t\t\t\t\t<h1 class=\"elementor-heading-title elementor-size-default\">Episode 3: Modern Corporations and Their Nazi Past. The Dark Side of Capitalism.<\/b><\/h1>\t\t\t\t<\/div>\n\t\t\t\t<\/div>\n\t\t\t\t<div class=\"elementor-element elementor-element-1256c73 elementor-widget elementor-widget-image\" data-id=\"1256c73\" data-element_type=\"widget\" data-e-type=\"widget\" data-widget_type=\"image.default\">\n\t\t\t\t<div class=\"elementor-widget-container\">\n\t\t\t\t\t\t\t\t\t\t\t\t\t\t\t<img fetchpriority=\"high\" decoding=\"async\" width=\"800\" height=\"449\" src=\"https:\/\/histary.es\/wp-content\/uploads\/2024\/10\/Podcasts-HL-Empresas-1024x575.jpg\" class=\"attachment-large size-large wp-image-6079\" alt=\"\" srcset=\"https:\/\/histary.es\/wp-content\/uploads\/2024\/10\/Podcasts-HL-Empresas-1024x575.jpg.webp 1024w, https:\/\/histary.es\/wp-content\/uploads\/2024\/10\/Podcasts-HL-Empresas-300x168.jpg.webp 300w, https:\/\/histary.es\/wp-content\/uploads\/2024\/10\/Podcasts-HL-Empresas-768x431.jpg.webp 768w, https:\/\/histary.es\/wp-content\/uploads\/2024\/10\/Podcasts-HL-Empresas-1536x863.jpg.webp 1536w, https:\/\/histary.es\/wp-content\/uploads\/2024\/10\/Podcasts-HL-Empresas-2048x1150.jpg.webp 2048w, https:\/\/histary.es\/wp-content\/uploads\/2024\/10\/Podcasts-HL-Empresas-18x10.jpg.webp 18w\" sizes=\"(max-width: 800px) 100vw, 800px\" \/>\t\t\t\t\t\t\t\t\t\t\t\t\t\t\t<\/div>\n\t\t\t\t<\/div>\n\t\t\t\t<div class=\"elementor-element elementor-element-33b69427 elementor-widget elementor-widget-text-editor\" data-id=\"33b69427\" data-element_type=\"widget\" data-e-type=\"widget\" data-widget_type=\"text-editor.default\">\n\t\t\t\t<div class=\"elementor-widget-container\">\n\t\t\t\t\t\t\t\t\t<h2><strong>Synopsis:<\/strong><\/h2><p>Some of the world&#039;s biggest brands are not only successful today, but they also have a dark past that few talk about. In this episode, we uncover how some of the most influential companies of today benefited from the Nazi regime, amassing fortunes through exploitation and support for a genocidal regime. From the industrial financiers who helped Hitler rise to power to the companies that took advantage of slave labour during World War II, we uncover the darker side of capitalism.<br \/>Oh, and just in case you were wondering, they don&#039;t tell you this dark part when they hand you the keys to your new luxury car. Who would have thought that this car has so much history... that they don&#039;t brag about!<\/p><h2><strong>Extended Report:<\/strong><\/h2><p>Modern Corporations and Their Nazi Past: The Dark Side of Capitalism<br \/>Introduction<br \/>In this episode, we&#039;ll delve into the dark side of capitalism, where companies that are today symbols of global success\u2026 well, they weren&#039;t exactly angels before. Some big corporations made their fortunes by collaborating with the Nazi regime. Did you know that your favorite car brand could have financed Hitler himself? Yes, it&#039;s not a joke, even if it sounds as crazy as a science fiction movie. But don&#039;t worry, this doesn&#039;t come in the basic package when you buy one of those cars.<br \/>Here we reveal the shadiest deals between business and Nazis, the massive use of slave labour, and how these stories still tarnish the image of many brands today. Oh, and we&#039;ll also discover some curiosities that will leave you speechless. Don&#039;t say we didn&#039;t warn you!<\/p><h3><strong>1.Corporate Support for Hitler:<\/strong><\/h3><p>From Funders to Beneficiaries<br \/>Adolf Hitler&#039;s rise was not just the work of a strange moustache and energetic speeches. Big companies like IG Farben gave him a nice financial boost. They weren&#039;t just supporters, they were fans of the VIP genocide club! IG Farben, for example, not only made things like Zyklon B gas (you know, the kind they used in concentration camps), but they also got rich by supporting the war.<br \/>And then there&#039;s Volkswagen. Did you know that the famous Beetle was a project of the Nazi regime? Although it was never mass-produced during the war, the company wasted no time using slave labour. Imagine that your &quot;retro&quot; car has more history than you thought!<\/p><h3><strong>2. Massive Exploitation of Slave Labor<\/strong><\/h3><p>If you thought these companies just made stuff, think again. Many used slave labor. Yes, from Siemens to Daimler-Benz (Mercedes), they were all taking advantage of the \u201cperks\u201d of using free labor from prisoners of war, Jews, and other minorities. If you complain about working unpaid overtime today, trust us, it was worse back then. Siemens, for example, had factories inside concentration camps. Yes, it\u2019s as dark as it sounds.<\/p><h3><strong>3. Ethical Implications for Modern Brands<\/strong><\/h3><p>Now, how do these brands deal with their past? Some, like Volkswagen, have set up funds to compensate victims of forced labour. But the question remains: is it enough? Sure, you can drive a Porsche these days and feel like a boss, but behind the shine there&#039;s a story that&#039;s not in the car manual.<br \/>Hugo Boss, for example, designed the uniforms for the SS. Yes, the elegant suit of the most hated villain in history! Although the brand is now synonymous with luxury and style, there is a little past that they prefer to keep under the red carpet.<\/p><h3><strong>4. Curiosities and Legends:<\/strong><\/h3><p>Fanta, the Nazi of Beverages<br \/>And here&#039;s one of those curiosities that could ruin your next barbecue: Fanta was invented in Nazi Germany. Coca-Cola couldn&#039;t import ingredients during the war, so its German subsidiary created Fanta with whatever was on hand. Who would have thought, eh? From &quot;Fanta fun&quot; to &quot;Fanta dictatorship.&quot; Next time you drink one, will it be with extra irony?<\/p><h3><strong>5. Final Reflections:<\/strong><\/h3><p>The Dark Side of Capitalism<br \/>Capitalism may be the engine of progress, but this episode reminds us that it has sometimes also been a driver of horror. Companies that we now consider models of success, such as BMW or Porsche, helped build their fortunes on the rubble of World War II. And although they have tried to repair their image, the shadow of their past is still present.<br \/>So the next time you see a luxury car or drink a soft drink, you might ask yourself: what stories do these brands hide?<\/p>\t\t\t\t\t\t\t\t<\/div>\n\t\t\t\t<\/div>\n\t\t\t\t<div class=\"elementor-element elementor-element-c201f3e premium-reversed-yes elementor-hidden-mobile premium-post-ticker__layout-1 elementor-widget elementor-widget-premium-post-ticker\" data-id=\"c201f3e\" data-element_type=\"widget\" data-e-type=\"widget\" data-widget_type=\"premium-post-ticker.default\">\n\t\t\t\t<div class=\"elementor-widget-container\">\n\t\t\t\t\t\t\t\t<div class=\"premium-post-ticker__outer-wrapper premium-post-ticker__hidden\" data-ticker-settings=\"{&quot;layout&quot;:&quot;layout-1&quot;,&quot;typing&quot;:false,&quot;fade&quot;:false,&quot;arrows&quot;:true,&quot;infinite&quot;:false,&quot;autoPlay&quot;:true,&quot;vertical&quot;:false,&quot;speed&quot;:5000,&quot;slidesToShow&quot;:null,&quot;pauseOnHover&quot;:true,&quot;animation&quot;:&quot;&quot;,&quot;shouldBeRtl&quot;:true,&quot;autoplaySpeed&quot;:5000}\">\n\t\t\t\t\t\t\t\t\t\t\t\t\t\t<div class=\"premium-post-ticker__header-wrapper\">\n\t\t\t\t\t\t\t\t<div class=\"premium-post-ticker__date-wrapper\">\n\t\t\t<span class=\"premium-post-ticker__date\"> May 2, 2026<\/span>\n\t\t<\/div>\n\t\t\t\t\t\t\t<\/div>\n\t\t\t\t\t\n\t\t\t\t\t<div class=\"premium-post-ticker__content\">\n\t\t\t\t\t\t\n\t\t\t\t\t\t<div dir=\"rtl\" class=\"premium-post-ticker__posts-wrapper\">\n\t\t\t\t\t\t\t\n\t\t<div class=\"premium-post-ticker__post-wrapper\">\n\n\t\t\t\n\t\t\t\n\t\t\t<div>\n\t\t\t\t<h4 class=\"premium-post-ticker__post-title\">\n\t\t\t\t\t<a href=\"https:\/\/histary.es\/en\/edimburgo-guia-completa-para-descubrir-la-capital-escocesa-como-un-local\/\" target=\"_blank\">\n\t\t\t\t\t\tEdinburgh: A complete guide to discovering the Scottish capital like a local\t\t\t\t\t<\/a>\n\t\t\t\t<\/h4>\n\t\t\t<\/div>\n\n\t\t\t\t\t\t\t<div>\n\t\t\t\t\t<span class=\"premium-post-ticker__post-date\">\n\t\t\t\t\t\t<span>April 15, 2026<\/span>\n\t\t\t\t\t<\/span>\n\t\t\t\t<\/div>\n\t\t\t\n\t\t\t\n\t\t<\/div>\n\n\t\t\n\t\t<div class=\"premium-post-ticker__post-wrapper\">\n\n\t\t\t\n\t\t\t\n\t\t\t<div>\n\t\t\t\t<h4 class=\"premium-post-ticker__post-title\">\n\t\t\t\t\t<a href=\"https:\/\/histary.es\/en\/guerra-iran-alejandro-magno-persia\/\" target=\"_blank\">\n\t\t\t\t\t\tFrom the Iran War to Alexander the Great: The eternal conflict between East and West\t\t\t\t\t<\/a>\n\t\t\t\t<\/h4>\n\t\t\t<\/div>\n\n\t\t\t\t\t\t\t<div>\n\t\t\t\t\t<span class=\"premium-post-ticker__post-date\">\n\t\t\t\t\t\t<span>March 17, 2026<\/span>\n\t\t\t\t\t<\/span>\n\t\t\t\t<\/div>\n\t\t\t\n\t\t\t\n\t\t<\/div>\n\n\t\t\n\t\t<div class=\"premium-post-ticker__post-wrapper\">\n\n\t\t\t\n\t\t\t\n\t\t\t<div>\n\t\t\t\t<h4 class=\"premium-post-ticker__post-title\">\n\t\t\t\t\t<a href=\"https:\/\/histary.es\/en\/localizaciones-harry-potter-londres\/\" target=\"_blank\">\n\t\t\t\t\t\tHarry Potter in London: real locations where magic meets history\t\t\t\t\t<\/a>\n\t\t\t\t<\/h4>\n\t\t\t<\/div>\n\n\t\t\t\t\t\t\t<div>\n\t\t\t\t\t<span class=\"premium-post-ticker__post-date\">\n\t\t\t\t\t\t<span>February 26, 2026<\/span>\n\t\t\t\t\t<\/span>\n\t\t\t\t<\/div>\n\t\t\t\n\t\t\t\n\t\t<\/div>\n\n\t\t\n\t\t<div class=\"premium-post-ticker__post-wrapper\">\n\n\t\t\t\n\t\t\t\n\t\t\t<div>\n\t\t\t\t<h4 class=\"premium-post-ticker__post-title\">\n\t\t\t\t\t<a href=\"https:\/\/histary.es\/en\/ano-nuevo-chino-2026-caballo-de-fuego\/\" target=\"_blank\">\n\t\t\t\t\t\tChinese New Year 2026: History, Traditions and Meaning\t\t\t\t\t<\/a>\n\t\t\t\t<\/h4>\n\t\t\t<\/div>\n\n\t\t\t\t\t\t\t<div>\n\t\t\t\t\t<span class=\"premium-post-ticker__post-date\">\n\t\t\t\t\t\t<span>February 26, 2026<\/span>\n\t\t\t\t\t<\/span>\n\t\t\t\t<\/div>\n\t\t\t\n\t\t\t\n\t\t<\/div>\n\n\t\t\t\t\t\t\t\t<\/div>\n\n\t\t\t\t\t\t\t\t<div class=\"premium-post-ticker__arrows\">\n\t\t\t<a class=\"prev-arrow\" type=\"button\" role=\"button\" aria-label=\"Previous\">\n\t\t\t\t<i class=\"fas fa-angle-left\" aria-hidden=\"true\"><\/i>\n\t\t\t<\/a>\n\t\t\t<a class=\"next-arrow\" type=\"button\" role=\"button\" aria-label=\"Next\">\n\t\t\t\t<i class=\"fas fa-angle-right\" aria-hidden=\"true\"><\/i>\n\t\t\t<\/a>\n\t\t<\/div>\n\t\t\t\t\t\t\t<\/div>\n\t\t\t\t\t\t\t<\/div>\n\t\t\t\t\t\t<\/div>\n\t\t\t\t<\/div>\n\t\t\t\t<\/div>\n\t\t<div class=\"elementor-element elementor-element-f9c43ef e-con-full e-flex wpr-particle-no wpr-jarallax-no wpr-parallax-no wpr-sticky-section-no wpr-equal-height-no e-con e-child\" data-id=\"f9c43ef\" data-element_type=\"container\" data-e-type=\"container\">\n\t\t\t\t<div class=\"elementor-element elementor-element-23e485a elementor-widget elementor-widget-elementskit-post-list\" data-id=\"23e485a\" data-element_type=\"widget\" data-e-type=\"widget\" data-widget_type=\"elementskit-post-list.default\">\n\t\t\t\t<div class=\"elementor-widget-container\">\n\t\t\t\t\t<div class=\"ekit-wid-con\" >\t\t<ul class=\"elementor-icon-list-items ekit-post-list-wrapper\">\n\t\t\t\t\t\t<li class=\"elementor-icon-list-item\">\n\t\t\t\t<a href=\"https:\/\/histary.es\/en\/edimburgo-guia-completa-para-descubrir-la-capital-escocesa-como-un-local\/\" >\n\t\t\t\t\t<img decoding=\"async\" width=\"800\" height=\"534\" data-src=\"https:\/\/histary.es\/wp-content\/uploads\/2026\/04\/jure-tufekcic-vhCO0W-AQ_c-unsplash-1024x683.jpg\" class=\"attachment-large size-large wp-post-image lazyload\" alt=\"Edimburgo guia\" data-srcset=\"https:\/\/histary.es\/wp-content\/uploads\/2026\/04\/jure-tufekcic-vhCO0W-AQ_c-unsplash-1024x683.jpg 1024w, https:\/\/histary.es\/wp-content\/uploads\/2026\/04\/jure-tufekcic-vhCO0W-AQ_c-unsplash-300x200.jpg 300w, https:\/\/histary.es\/wp-content\/uploads\/2026\/04\/jure-tufekcic-vhCO0W-AQ_c-unsplash-768x512.jpg 768w, https:\/\/histary.es\/wp-content\/uploads\/2026\/04\/jure-tufekcic-vhCO0W-AQ_c-unsplash-1536x1025.jpg 1536w, https:\/\/histary.es\/wp-content\/uploads\/2026\/04\/jure-tufekcic-vhCO0W-AQ_c-unsplash-2048x1367.jpg 2048w, https:\/\/histary.es\/wp-content\/uploads\/2026\/04\/jure-tufekcic-vhCO0W-AQ_c-unsplash-18x12.jpg 18w\" data-sizes=\"(max-width: 800px) 100vw, 800px\" src=\"data:image\/svg+xml;base64,PHN2ZyB3aWR0aD0iMSIgaGVpZ2h0PSIxIiB4bWxucz0iaHR0cDovL3d3dy53My5vcmcvMjAwMC9zdmciPjwvc3ZnPg==\" style=\"--smush-placeholder-width: 800px; --smush-placeholder-aspect-ratio: 800\/534;\" \/>\t\t\t\t\t<div class=\"ekit_post_list_content_wraper\">\n\t\t\t\t\t\t\n\t\t\t\t\t\t<span class=\"elementor-icon-list-text\">Edinburgh: A complete guide to discovering the Scottish capital like a local<\/span>\n\n\t\t\t\t\t\t\t\t\t\t\t\t\t\t\t\t\t\t<div class=\"meta-lists\">\n\t\t\t\t\t\t\t\t\t\t\t\t\t\t<span class=\"meta-date\">\n\t\t\t\t\t\t\t\t<i aria-hidden=\"true\" class=\"icon icon-calendar-page-empty\"><\/i>\t\n\n\t\t\t\t\t\t\t\tApril 15, 2026\t\t\t\t\t\t\t<\/span>\n\t\t\t\t\t\t\t\n\t\t\t\t\t\t\t\t\t\t\t\t\t<\/div>\n\t\t\t\t\t\t\t\t\t\t\t<\/div>\n\t\t\t\t<\/a>\n\t\t\t<\/li>\n\t\t\t\t\t<li class=\"elementor-icon-list-item\">\n\t\t\t\t<a href=\"https:\/\/histary.es\/en\/guerra-iran-alejandro-magno-persia\/\" >\n\t\t\t\t\t<img decoding=\"async\" width=\"800\" height=\"448\" data-src=\"https:\/\/histary.es\/wp-content\/uploads\/2026\/03\/u3939334234_httpss.mj_.runT4bK8wYDezc_Ultra-realistic_cinemati_5dac95c6-c5c2-4886-9da3-da616db255c7_3-1024x574.png\" class=\"attachment-large size-large wp-post-image lazyload\" alt=\"Alejandro Magno y Dar\u00edo III frente a frente antes de la guerra\" data-srcset=\"https:\/\/histary.es\/wp-content\/uploads\/2026\/03\/u3939334234_httpss.mj_.runT4bK8wYDezc_Ultra-realistic_cinemati_5dac95c6-c5c2-4886-9da3-da616db255c7_3-1024x574.png 1024w, https:\/\/histary.es\/wp-content\/uploads\/2026\/03\/u3939334234_httpss.mj_.runT4bK8wYDezc_Ultra-realistic_cinemati_5dac95c6-c5c2-4886-9da3-da616db255c7_3-300x168.png 300w, https:\/\/histary.es\/wp-content\/uploads\/2026\/03\/u3939334234_httpss.mj_.runT4bK8wYDezc_Ultra-realistic_cinemati_5dac95c6-c5c2-4886-9da3-da616db255c7_3-768x430.png 768w, https:\/\/histary.es\/wp-content\/uploads\/2026\/03\/u3939334234_httpss.mj_.runT4bK8wYDezc_Ultra-realistic_cinemati_5dac95c6-c5c2-4886-9da3-da616db255c7_3-18x10.png 18w, https:\/\/histary.es\/wp-content\/uploads\/2026\/03\/u3939334234_httpss.mj_.runT4bK8wYDezc_Ultra-realistic_cinemati_5dac95c6-c5c2-4886-9da3-da616db255c7_3.png 1456w\" data-sizes=\"(max-width: 800px) 100vw, 800px\" src=\"data:image\/svg+xml;base64,PHN2ZyB3aWR0aD0iMSIgaGVpZ2h0PSIxIiB4bWxucz0iaHR0cDovL3d3dy53My5vcmcvMjAwMC9zdmciPjwvc3ZnPg==\" style=\"--smush-placeholder-width: 800px; --smush-placeholder-aspect-ratio: 800\/448;\" \/>\t\t\t\t\t<div class=\"ekit_post_list_content_wraper\">\n\t\t\t\t\t\t\n\t\t\t\t\t\t<span class=\"elementor-icon-list-text\">From the Iran War to Alexander the Great: The eternal conflict between East and West<\/span>\n\n\t\t\t\t\t\t\t\t\t\t\t\t\t\t\t\t\t\t<div class=\"meta-lists\">\n\t\t\t\t\t\t\t\t\t\t\t\t\t\t<span class=\"meta-date\">\n\t\t\t\t\t\t\t\t<i aria-hidden=\"true\" class=\"icon icon-calendar-page-empty\"><\/i>\t\n\n\t\t\t\t\t\t\t\tMarch 17, 2026\t\t\t\t\t\t\t<\/span>\n\t\t\t\t\t\t\t\n\t\t\t\t\t\t\t\t\t\t\t\t\t<\/div>\n\t\t\t\t\t\t\t\t\t\t\t<\/div>\n\t\t\t\t<\/a>\n\t\t\t<\/li>\n\t\t\t\t\t<li class=\"elementor-icon-list-item\">\n\t\t\t\t<a href=\"https:\/\/histary.es\/en\/localizaciones-harry-potter-londres\/\" >\n\t\t\t\t\t<img decoding=\"async\" width=\"700\" height=\"392\" data-src=\"https:\/\/histary.es\/wp-content\/uploads\/2026\/02\/Cover-London-Harry-Potter.png\" class=\"attachment-large size-large wp-post-image lazyload\" alt=\"\" data-srcset=\"https:\/\/histary.es\/wp-content\/uploads\/2026\/02\/Cover-London-Harry-Potter.png 700w, https:\/\/histary.es\/wp-content\/uploads\/2026\/02\/Cover-London-Harry-Potter-300x168.png 300w, https:\/\/histary.es\/wp-content\/uploads\/2026\/02\/Cover-London-Harry-Potter-18x10.png 18w\" data-sizes=\"(max-width: 700px) 100vw, 700px\" src=\"data:image\/svg+xml;base64,PHN2ZyB3aWR0aD0iMSIgaGVpZ2h0PSIxIiB4bWxucz0iaHR0cDovL3d3dy53My5vcmcvMjAwMC9zdmciPjwvc3ZnPg==\" style=\"--smush-placeholder-width: 700px; --smush-placeholder-aspect-ratio: 700\/392;\" \/>\t\t\t\t\t<div class=\"ekit_post_list_content_wraper\">\n\t\t\t\t\t\t\n\t\t\t\t\t\t<span class=\"elementor-icon-list-text\">Harry Potter in London: real locations where magic meets history<\/span>\n\n\t\t\t\t\t\t\t\t\t\t\t\t\t\t\t\t\t\t<div class=\"meta-lists\">\n\t\t\t\t\t\t\t\t\t\t\t\t\t\t<span class=\"meta-date\">\n\t\t\t\t\t\t\t\t<i aria-hidden=\"true\" class=\"icon icon-calendar-page-empty\"><\/i>\t\n\n\t\t\t\t\t\t\t\tFebruary 26, 2026\t\t\t\t\t\t\t<\/span>\n\t\t\t\t\t\t\t\n\t\t\t\t\t\t\t\t\t\t\t\t\t<\/div>\n\t\t\t\t\t\t\t\t\t\t\t<\/div>\n\t\t\t\t<\/a>\n\t\t\t<\/li>\n\t\t\t\t\t<li class=\"elementor-icon-list-item\">\n\t\t\t\t<a href=\"https:\/\/histary.es\/en\/ano-nuevo-chino-2026-caballo-de-fuego\/\" >\n\t\t\t\t\t<img decoding=\"async\" width=\"700\" height=\"392\" data-src=\"https:\/\/histary.es\/wp-content\/uploads\/2026\/02\/Ano-Nuevo-Chino.png\" class=\"attachment-large size-large wp-post-image lazyload\" alt=\"\" data-srcset=\"https:\/\/histary.es\/wp-content\/uploads\/2026\/02\/Ano-Nuevo-Chino.png 700w, https:\/\/histary.es\/wp-content\/uploads\/2026\/02\/Ano-Nuevo-Chino-300x168.png 300w, https:\/\/histary.es\/wp-content\/uploads\/2026\/02\/Ano-Nuevo-Chino-18x10.png 18w\" data-sizes=\"(max-width: 700px) 100vw, 700px\" src=\"data:image\/svg+xml;base64,PHN2ZyB3aWR0aD0iMSIgaGVpZ2h0PSIxIiB4bWxucz0iaHR0cDovL3d3dy53My5vcmcvMjAwMC9zdmciPjwvc3ZnPg==\" style=\"--smush-placeholder-width: 700px; --smush-placeholder-aspect-ratio: 700\/392;\" \/>\t\t\t\t\t<div class=\"ekit_post_list_content_wraper\">\n\t\t\t\t\t\t\n\t\t\t\t\t\t<span class=\"elementor-icon-list-text\">Chinese New Year 2026: History, Traditions and Meaning<\/span>\n\n\t\t\t\t\t\t\t\t\t\t\t\t\t\t\t\t\t\t<div class=\"meta-lists\">\n\t\t\t\t\t\t\t\t\t\t\t\t\t\t<span class=\"meta-date\">\n\t\t\t\t\t\t\t\t<i aria-hidden=\"true\" class=\"icon icon-calendar-page-empty\"><\/i>\t\n\n\t\t\t\t\t\t\t\tFebruary 26, 2026\t\t\t\t\t\t\t<\/span>\n\t\t\t\t\t\t\t\n\t\t\t\t\t\t\t\t\t\t\t\t\t<\/div>\n\t\t\t\t\t\t\t\t\t\t\t<\/div>\n\t\t\t\t<\/a>\n\t\t\t<\/li>\n\t\t\t\t\t<li class=\"elementor-icon-list-item\">\n\t\t\t\t<a href=\"https:\/\/histary.es\/en\/la-tierra-es-redonda-desde-hace-2-000-anos-la-historia-lo-demuestra-mejor-que-internet\/\" >\n\t\t\t\t\t<img decoding=\"async\" width=\"700\" height=\"392\" data-src=\"https:\/\/histary.es\/wp-content\/uploads\/2026\/01\/La-Tierra-es-redonda-desde-hace-2.000-anos-y-la-historia-lo-demuestra-mejor-que-Internet-2.jpg\" class=\"attachment-large size-large wp-post-image lazyload\" alt=\"historia de la Tierra redonda\" data-srcset=\"https:\/\/histary.es\/wp-content\/uploads\/2026\/01\/La-Tierra-es-redonda-desde-hace-2.000-anos-y-la-historia-lo-demuestra-mejor-que-Internet-2.jpg 700w, https:\/\/histary.es\/wp-content\/uploads\/2026\/01\/La-Tierra-es-redonda-desde-hace-2.000-anos-y-la-historia-lo-demuestra-mejor-que-Internet-2-300x168.jpg 300w, https:\/\/histary.es\/wp-content\/uploads\/2026\/01\/La-Tierra-es-redonda-desde-hace-2.000-anos-y-la-historia-lo-demuestra-mejor-que-Internet-2-18x10.jpg 18w\" data-sizes=\"(max-width: 700px) 100vw, 700px\" src=\"data:image\/svg+xml;base64,PHN2ZyB3aWR0aD0iMSIgaGVpZ2h0PSIxIiB4bWxucz0iaHR0cDovL3d3dy53My5vcmcvMjAwMC9zdmciPjwvc3ZnPg==\" style=\"--smush-placeholder-width: 700px; --smush-placeholder-aspect-ratio: 700\/392;\" \/>\t\t\t\t\t<div class=\"ekit_post_list_content_wraper\">\n\t\t\t\t\t\t\n\t\t\t\t\t\t<span class=\"elementor-icon-list-text\">The Earth has been round for 2,000 years: history proves it better than the internet.<\/span>\n\n\t\t\t\t\t\t\t\t\t\t\t\t\t\t\t\t\t\t<div class=\"meta-lists\">\n\t\t\t\t\t\t\t\t\t\t\t\t\t\t<span class=\"meta-date\">\n\t\t\t\t\t\t\t\t<i aria-hidden=\"true\" class=\"icon icon-calendar-page-empty\"><\/i>\t\n\n\t\t\t\t\t\t\t\tJanuary 20, 2026\t\t\t\t\t\t\t<\/span>\n\t\t\t\t\t\t\t\n\t\t\t\t\t\t\t\t\t\t\t\t\t<\/div>\n\t\t\t\t\t\t\t\t\t\t\t<\/div>\n\t\t\t\t<\/a>\n\t\t\t<\/li>\n\t\t\t\t\t<li class=\"elementor-icon-list-item\">\n\t\t\t\t<a href=\"https:\/\/histary.es\/en\/volver-o-no-volver-el-dilema-historico-de-las-diasporas\/\" >\n\t\t\t\t\t<img decoding=\"async\" width=\"700\" height=\"392\" data-src=\"https:\/\/histary.es\/wp-content\/uploads\/2026\/01\/Volver-o-no-volver_-El-dilema-historico-de-las-diasporas-y-lo-que-nos-ensena-la-actual-venezolana-4.jpg\" class=\"attachment-large size-large wp-post-image lazyload\" alt=\"El dilema hist\u00f3rico de las di\u00e1sporas\" data-srcset=\"https:\/\/histary.es\/wp-content\/uploads\/2026\/01\/Volver-o-no-volver_-El-dilema-historico-de-las-diasporas-y-lo-que-nos-ensena-la-actual-venezolana-4.jpg 700w, https:\/\/histary.es\/wp-content\/uploads\/2026\/01\/Volver-o-no-volver_-El-dilema-historico-de-las-diasporas-y-lo-que-nos-ensena-la-actual-venezolana-4-300x168.jpg 300w, https:\/\/histary.es\/wp-content\/uploads\/2026\/01\/Volver-o-no-volver_-El-dilema-historico-de-las-diasporas-y-lo-que-nos-ensena-la-actual-venezolana-4-18x10.jpg 18w\" data-sizes=\"(max-width: 700px) 100vw, 700px\" src=\"data:image\/svg+xml;base64,PHN2ZyB3aWR0aD0iMSIgaGVpZ2h0PSIxIiB4bWxucz0iaHR0cDovL3d3dy53My5vcmcvMjAwMC9zdmciPjwvc3ZnPg==\" style=\"--smush-placeholder-width: 700px; --smush-placeholder-aspect-ratio: 700\/392;\" \/>\t\t\t\t\t<div class=\"ekit_post_list_content_wraper\">\n\t\t\t\t\t\t\n\t\t\t\t\t\t<span class=\"elementor-icon-list-text\">To return or not to return? The historical dilemma of diasporas (and what the current Venezuelan one teaches us)<\/span>\n\n\t\t\t\t\t\t\t\t\t\t\t\t\t\t\t\t\t\t<div class=\"meta-lists\">\n\t\t\t\t\t\t\t\t\t\t\t\t\t\t<span class=\"meta-date\">\n\t\t\t\t\t\t\t\t<i aria-hidden=\"true\" class=\"icon icon-calendar-page-empty\"><\/i>\t\n\n\t\t\t\t\t\t\t\tJanuary 9, 2026\t\t\t\t\t\t\t<\/span>\n\t\t\t\t\t\t\t\n\t\t\t\t\t\t\t\t\t\t\t\t\t<\/div>\n\t\t\t\t\t\t\t\t\t\t\t<\/div>\n\t\t\t\t<\/a>\n\t\t\t<\/li>\n\t\t\t\t\t<li class=\"elementor-icon-list-item\">\n\t\t\t\t<a href=\"https:\/\/histary.es\/en\/reyes-que-murieron-de-las-formas-mas-absurdas-de-la-historia\/\" >\n\t\t\t\t\t<img decoding=\"async\" width=\"700\" height=\"392\" data-src=\"https:\/\/histary.es\/wp-content\/uploads\/2025\/12\/Reyes-que-murieron-de-las-formas-mas-absurdas-de-la-historia.jpg\" class=\"attachment-large size-large wp-post-image lazyload\" alt=\"Reyes que murieron de las formas m\u00e1s absurdas de la historia\" data-srcset=\"https:\/\/histary.es\/wp-content\/uploads\/2025\/12\/Reyes-que-murieron-de-las-formas-mas-absurdas-de-la-historia.jpg 700w, https:\/\/histary.es\/wp-content\/uploads\/2025\/12\/Reyes-que-murieron-de-las-formas-mas-absurdas-de-la-historia-300x168.jpg 300w, https:\/\/histary.es\/wp-content\/uploads\/2025\/12\/Reyes-que-murieron-de-las-formas-mas-absurdas-de-la-historia-18x10.jpg 18w\" data-sizes=\"(max-width: 700px) 100vw, 700px\" src=\"data:image\/svg+xml;base64,PHN2ZyB3aWR0aD0iMSIgaGVpZ2h0PSIxIiB4bWxucz0iaHR0cDovL3d3dy53My5vcmcvMjAwMC9zdmciPjwvc3ZnPg==\" style=\"--smush-placeholder-width: 700px; --smush-placeholder-aspect-ratio: 700\/392;\" \/>\t\t\t\t\t<div class=\"ekit_post_list_content_wraper\">\n\t\t\t\t\t\t\n\t\t\t\t\t\t<span class=\"elementor-icon-list-text\">Kings who died in the most absurd ways in history<\/span>\n\n\t\t\t\t\t\t\t\t\t\t\t\t\t\t\t\t\t\t<div class=\"meta-lists\">\n\t\t\t\t\t\t\t\t\t\t\t\t\t\t<span class=\"meta-date\">\n\t\t\t\t\t\t\t\t<i aria-hidden=\"true\" class=\"icon icon-calendar-page-empty\"><\/i>\t\n\n\t\t\t\t\t\t\t\tDecember 29, 2025\t\t\t\t\t\t\t<\/span>\n\t\t\t\t\t\t\t\n\t\t\t\t\t\t\t\t\t\t\t\t\t<\/div>\n\t\t\t\t\t\t\t\t\t\t\t<\/div>\n\t\t\t\t<\/a>\n\t\t\t<\/li>\n\t\t\t\t\t<li class=\"elementor-icon-list-item\">\n\t\t\t\t<a href=\"https:\/\/histary.es\/en\/incendio-del-alcazar-de-madrid\/\" >\n\t\t\t\t\t<img decoding=\"async\" width=\"700\" height=\"392\" data-src=\"https:\/\/histary.es\/wp-content\/uploads\/2025\/11\/Incendio-del-Alcazar-de-Madrid.jpg\" class=\"attachment-large size-large wp-post-image lazyload\" alt=\"incendio del Alc\u00e1zar de Madrid\" data-srcset=\"https:\/\/histary.es\/wp-content\/uploads\/2025\/11\/Incendio-del-Alcazar-de-Madrid.jpg 700w, https:\/\/histary.es\/wp-content\/uploads\/2025\/11\/Incendio-del-Alcazar-de-Madrid-300x168.jpg 300w, https:\/\/histary.es\/wp-content\/uploads\/2025\/11\/Incendio-del-Alcazar-de-Madrid-18x10.jpg 18w\" data-sizes=\"(max-width: 700px) 100vw, 700px\" src=\"data:image\/svg+xml;base64,PHN2ZyB3aWR0aD0iMSIgaGVpZ2h0PSIxIiB4bWxucz0iaHR0cDovL3d3dy53My5vcmcvMjAwMC9zdmciPjwvc3ZnPg==\" style=\"--smush-placeholder-width: 700px; --smush-placeholder-aspect-ratio: 700\/392;\" \/>\t\t\t\t\t<div class=\"ekit_post_list_content_wraper\">\n\t\t\t\t\t\t\n\t\t\t\t\t\t<span class=\"elementor-icon-list-text\">The fire at the Alc\u00e1zar of Madrid: it changed the city forever: Was Philip V to blame?<\/span>\n\n\t\t\t\t\t\t\t\t\t\t\t\t\t\t\t\t\t\t<div class=\"meta-lists\">\n\t\t\t\t\t\t\t\t\t\t\t\t\t\t<span class=\"meta-date\">\n\t\t\t\t\t\t\t\t<i aria-hidden=\"true\" class=\"icon icon-calendar-page-empty\"><\/i>\t\n\n\t\t\t\t\t\t\t\tNovember 20, 2025\t\t\t\t\t\t\t<\/span>\n\t\t\t\t\t\t\t\n\t\t\t\t\t\t\t\t\t\t\t\t\t<\/div>\n\t\t\t\t\t\t\t\t\t\t\t<\/div>\n\t\t\t\t<\/a>\n\t\t\t<\/li>\n\t\t\t\t\t<li class=\"elementor-icon-list-item\">\n\t\t\t\t<a href=\"https:\/\/histary.es\/en\/argentina-de-potencia-mundial-a-meme-economico-y-vuelta-otra-vez-duplicate-8407\/\" >\n\t\t\t\t\t<img decoding=\"async\" width=\"700\" height=\"392\" data-src=\"https:\/\/histary.es\/wp-content\/uploads\/2025\/11\/Argentina-de-potencia-mundial-a-meme-economico.jpg\" class=\"attachment-large size-large wp-post-image lazyload\" alt=\"historia de Argentina\" data-srcset=\"https:\/\/histary.es\/wp-content\/uploads\/2025\/11\/Argentina-de-potencia-mundial-a-meme-economico.jpg 700w, https:\/\/histary.es\/wp-content\/uploads\/2025\/11\/Argentina-de-potencia-mundial-a-meme-economico-300x168.jpg 300w, https:\/\/histary.es\/wp-content\/uploads\/2025\/11\/Argentina-de-potencia-mundial-a-meme-economico-18x10.jpg 18w\" data-sizes=\"(max-width: 700px) 100vw, 700px\" src=\"data:image\/svg+xml;base64,PHN2ZyB3aWR0aD0iMSIgaGVpZ2h0PSIxIiB4bWxucz0iaHR0cDovL3d3dy53My5vcmcvMjAwMC9zdmciPjwvc3ZnPg==\" style=\"--smush-placeholder-width: 700px; --smush-placeholder-aspect-ratio: 700\/392;\" \/>\t\t\t\t\t<div class=\"ekit_post_list_content_wraper\">\n\t\t\t\t\t\t\n\t\t\t\t\t\t<span class=\"elementor-icon-list-text\">Argentina: from world power to economic meme (and back again)<\/span>\n\n\t\t\t\t\t\t\t\t\t\t\t\t\t\t\t\t\t\t<div class=\"meta-lists\">\n\t\t\t\t\t\t\t\t\t\t\t\t\t\t<span class=\"meta-date\">\n\t\t\t\t\t\t\t\t<i aria-hidden=\"true\" class=\"icon icon-calendar-page-empty\"><\/i>\t\n\n\t\t\t\t\t\t\t\tNovember 12, 2025\t\t\t\t\t\t\t<\/span>\n\t\t\t\t\t\t\t\n\t\t\t\t\t\t\t\t\t\t\t\t\t<\/div>\n\t\t\t\t\t\t\t\t\t\t\t<\/div>\n\t\t\t\t<\/a>\n\t\t\t<\/li>\n\t\t\t\t\t<li class=\"elementor-icon-list-item\">\n\t\t\t\t<a href=\"https:\/\/histary.es\/en\/duelos-en-el-madrid-de-los-austrias\/\" >\n\t\t\t\t\t<img decoding=\"async\" width=\"700\" height=\"392\" data-src=\"https:\/\/histary.es\/wp-content\/uploads\/2025\/10\/Calle-del-Codo.jpg\" class=\"attachment-large size-large wp-post-image lazyload\" alt=\"duelos en el Madrid de los Austrias\" data-srcset=\"https:\/\/histary.es\/wp-content\/uploads\/2025\/10\/Calle-del-Codo.jpg 700w, https:\/\/histary.es\/wp-content\/uploads\/2025\/10\/Calle-del-Codo-300x168.jpg 300w, https:\/\/histary.es\/wp-content\/uploads\/2025\/10\/Calle-del-Codo-18x10.jpg 18w\" data-sizes=\"(max-width: 700px) 100vw, 700px\" src=\"data:image\/svg+xml;base64,PHN2ZyB3aWR0aD0iMSIgaGVpZ2h0PSIxIiB4bWxucz0iaHR0cDovL3d3dy53My5vcmcvMjAwMC9zdmciPjwvc3ZnPg==\" style=\"--smush-placeholder-width: 700px; --smush-placeholder-aspect-ratio: 700\/392;\" \/>\t\t\t\t\t<div class=\"ekit_post_list_content_wraper\">\n\t\t\t\t\t\t\n\t\t\t\t\t\t<span class=\"elementor-icon-list-text\">Calle del Codo and the duels in the Madrid of the Habsburgs: history, Quevedo, and secrets you&#039;ll discover on our tour.<\/span>\n\n\t\t\t\t\t\t\t\t\t\t\t\t\t\t\t\t\t\t<div class=\"meta-lists\">\n\t\t\t\t\t\t\t\t\t\t\t\t\t\t<span class=\"meta-date\">\n\t\t\t\t\t\t\t\t<i aria-hidden=\"true\" class=\"icon icon-calendar-page-empty\"><\/i>\t\n\n\t\t\t\t\t\t\t\tOctober 22, 2025\t\t\t\t\t\t\t<\/span>\n\t\t\t\t\t\t\t\n\t\t\t\t\t\t\t\t\t\t\t\t\t<\/div>\n\t\t\t\t\t\t\t\t\t\t\t<\/div>\n\t\t\t\t<\/a>\n\t\t\t<\/li>\n\t\t\t\t<\/ul>\n\t\t<\/div>\t\t\t\t<\/div>\n\t\t\t\t<\/div>\n\t\t\t\t<\/div>\n\t\t\t\t\t<\/div>\n\t\t\t\t<\/div>\n\t\t\t\t<\/div>","protected":false},"excerpt":{"rendered":"<p>Some of the world&#039;s biggest brands are not only successful today, but they also have a dark past that few talk about.<\/p>","protected":false},"author":1,"featured_media":6725,"comment_status":"closed","ping_status":"closed","sticky":false,"template":"elementor_theme","format":"standard","meta":{"_eb_attr":"","_joinchat":[],"footnotes":""},"categories":[1],"tags":[],"class_list":["post-5672","post","type-post","status-publish","format-standard","has-post-thumbnail","hentry","category-uncategorized"],"yoast_head":"<!-- This site is optimized with the Yoast SEO plugin v27.5 - https:\/\/yoast.com\/product\/yoast-seo-wordpress\/ -->\n<title>Historias y Leyendas de Empresas \u2013 Episodio 3: Corporaciones Modernos y su Pasado Nazi. El lado oscuro del capitalismo.<\/title>\n<meta name=\"description\" content=\"Algunas de las marcas m\u00e1s grandes del mundo no solo tienen \u00e9xito hoy, sino que tambi\u00e9n tienen un pasado sombr\u00edo del que pocos hablan.\" \/>\n<meta name=\"robots\" content=\"index, follow, max-snippet:-1, max-image-preview:large, max-video-preview:-1\" \/>\n<link rel=\"canonical\" href=\"https:\/\/histary.es\/en\/episodio-3-corporaciones-modernos-y-su-pasado-nazi-el-lado-oscuro-del-capitalismo\/\" \/>\n<meta property=\"og:locale\" content=\"en_US\" \/>\n<meta property=\"og:type\" content=\"article\" \/>\n<meta property=\"og:title\" content=\"Historias y Leyendas de Empresas \u2013 Episodio 3: Corporaciones Modernos y su Pasado Nazi. El lado oscuro del capitalismo.\" \/>\n<meta property=\"og:description\" content=\"Algunas de las marcas m\u00e1s grandes del mundo no solo tienen \u00e9xito hoy, sino que tambi\u00e9n tienen un pasado sombr\u00edo del que pocos hablan.\" \/>\n<meta property=\"og:url\" content=\"https:\/\/histary.es\/en\/episodio-3-corporaciones-modernos-y-su-pasado-nazi-el-lado-oscuro-del-capitalismo\/\" \/>\n<meta property=\"og:site_name\" content=\"HistARy\" \/>\n<meta property=\"article:publisher\" content=\"https:\/\/www.facebook.com\/hlcomedytours\" \/>\n<meta property=\"article:published_time\" content=\"2024-10-10T13:18:02+00:00\" \/>\n<meta property=\"article:modified_time\" content=\"2026-04-14T15:14:33+00:00\" \/>\n<meta property=\"og:image\" content=\"https:\/\/histary.es\/wp-content\/uploads\/2024\/10\/Podcasts-HL-Empresas-scaled.webp\" \/>\n\t<meta property=\"og:image:width\" content=\"2560\" \/>\n\t<meta property=\"og:image:height\" content=\"1438\" \/>\n\t<meta property=\"og:image:type\" content=\"image\/webp\" \/>\n<meta name=\"author\" content=\"HistARy_Admin\" \/>\n<meta name=\"twitter:card\" content=\"summary_large_image\" \/>\n<meta name=\"twitter:label1\" content=\"Written by\" \/>\n\t<meta name=\"twitter:data1\" content=\"HistARy_Admin\" \/>\n\t<meta name=\"twitter:label2\" content=\"Est. reading time\" \/>\n\t<meta name=\"twitter:data2\" content=\"7 minutes\" \/>\n<script type=\"application\/ld+json\" class=\"yoast-schema-graph\">{\"@context\":\"https:\\\/\\\/schema.org\",\"@graph\":[{\"@type\":\"Article\",\"@id\":\"https:\\\/\\\/histary.es\\\/episodio-3-corporaciones-modernos-y-su-pasado-nazi-el-lado-oscuro-del-capitalismo\\\/#article\",\"isPartOf\":{\"@id\":\"https:\\\/\\\/histary.es\\\/episodio-3-corporaciones-modernos-y-su-pasado-nazi-el-lado-oscuro-del-capitalismo\\\/\"},\"author\":{\"name\":\"HistARy_Admin\",\"@id\":\"https:\\\/\\\/histary.es\\\/#\\\/schema\\\/person\\\/76f081d606d406cef945b6d2ee11c7b4\"},\"headline\":\"Historias y Leyendas de Empresas \u2013 Episodio 3: Corporaciones Modernos y su Pasado Nazi. El lado oscuro del capitalismo.\",\"datePublished\":\"2024-10-10T13:18:02+00:00\",\"dateModified\":\"2026-04-14T15:14:33+00:00\",\"mainEntityOfPage\":{\"@id\":\"https:\\\/\\\/histary.es\\\/episodio-3-corporaciones-modernos-y-su-pasado-nazi-el-lado-oscuro-del-capitalismo\\\/\"},\"wordCount\":1049,\"publisher\":{\"@id\":\"https:\\\/\\\/histary.es\\\/#organization\"},\"image\":{\"@id\":\"https:\\\/\\\/histary.es\\\/episodio-3-corporaciones-modernos-y-su-pasado-nazi-el-lado-oscuro-del-capitalismo\\\/#primaryimage\"},\"thumbnailUrl\":\"https:\\\/\\\/histary.es\\\/wp-content\\\/uploads\\\/2024\\\/10\\\/Podcasts-HL-Empresas-scaled.webp\",\"inLanguage\":\"en-US\"},{\"@type\":\"WebPage\",\"@id\":\"https:\\\/\\\/histary.es\\\/episodio-3-corporaciones-modernos-y-su-pasado-nazi-el-lado-oscuro-del-capitalismo\\\/\",\"url\":\"https:\\\/\\\/histary.es\\\/episodio-3-corporaciones-modernos-y-su-pasado-nazi-el-lado-oscuro-del-capitalismo\\\/\",\"name\":\"Historias y Leyendas de Empresas \u2013 Episodio 3: Corporaciones Modernos y su Pasado Nazi. El lado oscuro del capitalismo.\",\"isPartOf\":{\"@id\":\"https:\\\/\\\/histary.es\\\/#website\"},\"primaryImageOfPage\":{\"@id\":\"https:\\\/\\\/histary.es\\\/episodio-3-corporaciones-modernos-y-su-pasado-nazi-el-lado-oscuro-del-capitalismo\\\/#primaryimage\"},\"image\":{\"@id\":\"https:\\\/\\\/histary.es\\\/episodio-3-corporaciones-modernos-y-su-pasado-nazi-el-lado-oscuro-del-capitalismo\\\/#primaryimage\"},\"thumbnailUrl\":\"https:\\\/\\\/histary.es\\\/wp-content\\\/uploads\\\/2024\\\/10\\\/Podcasts-HL-Empresas-scaled.webp\",\"datePublished\":\"2024-10-10T13:18:02+00:00\",\"dateModified\":\"2026-04-14T15:14:33+00:00\",\"description\":\"Algunas de las marcas m\u00e1s grandes del mundo no solo tienen \u00e9xito hoy, sino que tambi\u00e9n tienen un pasado sombr\u00edo del que pocos hablan.\",\"breadcrumb\":{\"@id\":\"https:\\\/\\\/histary.es\\\/episodio-3-corporaciones-modernos-y-su-pasado-nazi-el-lado-oscuro-del-capitalismo\\\/#breadcrumb\"},\"inLanguage\":\"en-US\",\"potentialAction\":[{\"@type\":\"ReadAction\",\"target\":[\"https:\\\/\\\/histary.es\\\/episodio-3-corporaciones-modernos-y-su-pasado-nazi-el-lado-oscuro-del-capitalismo\\\/\"]}]},{\"@type\":\"ImageObject\",\"inLanguage\":\"en-US\",\"@id\":\"https:\\\/\\\/histary.es\\\/episodio-3-corporaciones-modernos-y-su-pasado-nazi-el-lado-oscuro-del-capitalismo\\\/#primaryimage\",\"url\":\"https:\\\/\\\/histary.es\\\/wp-content\\\/uploads\\\/2024\\\/10\\\/Podcasts-HL-Empresas-scaled.webp\",\"contentUrl\":\"https:\\\/\\\/histary.es\\\/wp-content\\\/uploads\\\/2024\\\/10\\\/Podcasts-HL-Empresas-scaled.webp\",\"width\":2560,\"height\":1438},{\"@type\":\"BreadcrumbList\",\"@id\":\"https:\\\/\\\/histary.es\\\/episodio-3-corporaciones-modernos-y-su-pasado-nazi-el-lado-oscuro-del-capitalismo\\\/#breadcrumb\",\"itemListElement\":[{\"@type\":\"ListItem\",\"position\":1,\"name\":\"Portada\",\"item\":\"https:\\\/\\\/histary.es\\\/\"},{\"@type\":\"ListItem\",\"position\":2,\"name\":\"Historias y Leyendas de Empresas \u2013 Episodio 3: Corporaciones Modernos y su Pasado Nazi. El lado oscuro del capitalismo.\"}]},{\"@type\":\"WebSite\",\"@id\":\"https:\\\/\\\/histary.es\\\/#website\",\"url\":\"https:\\\/\\\/histary.es\\\/\",\"name\":\"HistARy\",\"description\":\"Vive la historia a trav\u00e9s de la realidad aumentada\\u2028\",\"publisher\":{\"@id\":\"https:\\\/\\\/histary.es\\\/#organization\"},\"potentialAction\":[{\"@type\":\"SearchAction\",\"target\":{\"@type\":\"EntryPoint\",\"urlTemplate\":\"https:\\\/\\\/histary.es\\\/?s={search_term_string}\"},\"query-input\":{\"@type\":\"PropertyValueSpecification\",\"valueRequired\":true,\"valueName\":\"search_term_string\"}}],\"inLanguage\":\"en-US\"},{\"@type\":\"Organization\",\"@id\":\"https:\\\/\\\/histary.es\\\/#organization\",\"name\":\"HistARy\",\"url\":\"https:\\\/\\\/histary.es\\\/\",\"logo\":{\"@type\":\"ImageObject\",\"inLanguage\":\"en-US\",\"@id\":\"https:\\\/\\\/histary.es\\\/#\\\/schema\\\/logo\\\/image\\\/\",\"url\":\"https:\\\/\\\/histary.es\\\/wp-content\\\/uploads\\\/2024\\\/08\\\/logo-his300.png\",\"contentUrl\":\"https:\\\/\\\/histary.es\\\/wp-content\\\/uploads\\\/2024\\\/08\\\/logo-his300.png\",\"width\":2252,\"height\":705,\"caption\":\"HistARy\"},\"image\":{\"@id\":\"https:\\\/\\\/histary.es\\\/#\\\/schema\\\/logo\\\/image\\\/\"},\"sameAs\":[\"https:\\\/\\\/www.facebook.com\\\/hlcomedytours\",\"https:\\\/\\\/www.instagram.com\\\/histarytours\\\/\",\"https:\\\/\\\/www.linkedin.com\\\/company\\\/hl-comedy-tours\\\/\",\"https:\\\/\\\/www.tiktok.com\\\/@hlcomedytours\"]},{\"@type\":\"Person\",\"@id\":\"https:\\\/\\\/histary.es\\\/#\\\/schema\\\/person\\\/76f081d606d406cef945b6d2ee11c7b4\",\"name\":\"HistARy_Admin\",\"image\":{\"@type\":\"ImageObject\",\"inLanguage\":\"en-US\",\"@id\":\"https:\\\/\\\/histary.es\\\/wp-content\\\/litespeed\\\/avatar\\\/23a823fbdb6742908325da2a01c1a119.jpg?ver=1777425062\",\"url\":\"https:\\\/\\\/histary.es\\\/wp-content\\\/litespeed\\\/avatar\\\/23a823fbdb6742908325da2a01c1a119.jpg?ver=1777425062\",\"contentUrl\":\"https:\\\/\\\/histary.es\\\/wp-content\\\/litespeed\\\/avatar\\\/23a823fbdb6742908325da2a01c1a119.jpg?ver=1777425062\",\"caption\":\"HistARy_Admin\"},\"sameAs\":[\"https:\\\/\\\/histary.es\"],\"url\":\"https:\\\/\\\/histary.es\\\/en\\\/author\\\/histary_admin\\\/\"}]}<\/script>\n<!-- \/ Yoast SEO plugin. -->","yoast_head_json":{"title":"Business Stories and Legends \u2013 Episode 3: Modern Corporations and Their Nazi Past. The Dark Side of Capitalism.","description":"Some of the world&#039;s biggest brands are not only successful today, but they also have a dark past that few talk about.","robots":{"index":"index","follow":"follow","max-snippet":"max-snippet:-1","max-image-preview":"max-image-preview:large","max-video-preview":"max-video-preview:-1"},"canonical":"https:\/\/histary.es\/en\/episodio-3-corporaciones-modernos-y-su-pasado-nazi-el-lado-oscuro-del-capitalismo\/","og_locale":"en_US","og_type":"article","og_title":"Historias y Leyendas de Empresas \u2013 Episodio 3: Corporaciones Modernos y su Pasado Nazi. El lado oscuro del capitalismo.","og_description":"Algunas de las marcas m\u00e1s grandes del mundo no solo tienen \u00e9xito hoy, sino que tambi\u00e9n tienen un pasado sombr\u00edo del que pocos hablan.","og_url":"https:\/\/histary.es\/en\/episodio-3-corporaciones-modernos-y-su-pasado-nazi-el-lado-oscuro-del-capitalismo\/","og_site_name":"HistARy","article_publisher":"https:\/\/www.facebook.com\/hlcomedytours","article_published_time":"2024-10-10T13:18:02+00:00","article_modified_time":"2026-04-14T15:14:33+00:00","og_image":[{"width":2560,"height":1438,"url":"https:\/\/histary.es\/wp-content\/uploads\/2024\/10\/Podcasts-HL-Empresas-scaled.webp","type":"image\/webp"}],"author":"HistARy_Admin","twitter_card":"summary_large_image","twitter_misc":{"Written by":"HistARy_Admin","Est. reading time":"7 minutes"},"schema":{"@context":"https:\/\/schema.org","@graph":[{"@type":"Article","@id":"https:\/\/histary.es\/episodio-3-corporaciones-modernos-y-su-pasado-nazi-el-lado-oscuro-del-capitalismo\/#article","isPartOf":{"@id":"https:\/\/histary.es\/episodio-3-corporaciones-modernos-y-su-pasado-nazi-el-lado-oscuro-del-capitalismo\/"},"author":{"name":"HistARy_Admin","@id":"https:\/\/histary.es\/#\/schema\/person\/76f081d606d406cef945b6d2ee11c7b4"},"headline":"Historias y Leyendas de Empresas \u2013 Episodio 3: Corporaciones Modernos y su Pasado Nazi. El lado oscuro del capitalismo.","datePublished":"2024-10-10T13:18:02+00:00","dateModified":"2026-04-14T15:14:33+00:00","mainEntityOfPage":{"@id":"https:\/\/histary.es\/episodio-3-corporaciones-modernos-y-su-pasado-nazi-el-lado-oscuro-del-capitalismo\/"},"wordCount":1049,"publisher":{"@id":"https:\/\/histary.es\/#organization"},"image":{"@id":"https:\/\/histary.es\/episodio-3-corporaciones-modernos-y-su-pasado-nazi-el-lado-oscuro-del-capitalismo\/#primaryimage"},"thumbnailUrl":"https:\/\/histary.es\/wp-content\/uploads\/2024\/10\/Podcasts-HL-Empresas-scaled.webp","inLanguage":"en-US"},{"@type":"WebPage","@id":"https:\/\/histary.es\/episodio-3-corporaciones-modernos-y-su-pasado-nazi-el-lado-oscuro-del-capitalismo\/","url":"https:\/\/histary.es\/episodio-3-corporaciones-modernos-y-su-pasado-nazi-el-lado-oscuro-del-capitalismo\/","name":"Business Stories and Legends \u2013 Episode 3: Modern Corporations and Their Nazi Past. The Dark Side of Capitalism.","isPartOf":{"@id":"https:\/\/histary.es\/#website"},"primaryImageOfPage":{"@id":"https:\/\/histary.es\/episodio-3-corporaciones-modernos-y-su-pasado-nazi-el-lado-oscuro-del-capitalismo\/#primaryimage"},"image":{"@id":"https:\/\/histary.es\/episodio-3-corporaciones-modernos-y-su-pasado-nazi-el-lado-oscuro-del-capitalismo\/#primaryimage"},"thumbnailUrl":"https:\/\/histary.es\/wp-content\/uploads\/2024\/10\/Podcasts-HL-Empresas-scaled.webp","datePublished":"2024-10-10T13:18:02+00:00","dateModified":"2026-04-14T15:14:33+00:00","description":"Some of the world&#039;s biggest brands are not only successful today, but they also have a dark past that few talk about.","breadcrumb":{"@id":"https:\/\/histary.es\/episodio-3-corporaciones-modernos-y-su-pasado-nazi-el-lado-oscuro-del-capitalismo\/#breadcrumb"},"inLanguage":"en-US","potentialAction":[{"@type":"ReadAction","target":["https:\/\/histary.es\/episodio-3-corporaciones-modernos-y-su-pasado-nazi-el-lado-oscuro-del-capitalismo\/"]}]},{"@type":"ImageObject","inLanguage":"en-US","@id":"https:\/\/histary.es\/episodio-3-corporaciones-modernos-y-su-pasado-nazi-el-lado-oscuro-del-capitalismo\/#primaryimage","url":"https:\/\/histary.es\/wp-content\/uploads\/2024\/10\/Podcasts-HL-Empresas-scaled.webp","contentUrl":"https:\/\/histary.es\/wp-content\/uploads\/2024\/10\/Podcasts-HL-Empresas-scaled.webp","width":2560,"height":1438},{"@type":"BreadcrumbList","@id":"https:\/\/histary.es\/episodio-3-corporaciones-modernos-y-su-pasado-nazi-el-lado-oscuro-del-capitalismo\/#breadcrumb","itemListElement":[{"@type":"ListItem","position":1,"name":"Portada","item":"https:\/\/histary.es\/"},{"@type":"ListItem","position":2,"name":"Historias y Leyendas de Empresas \u2013 Episodio 3: Corporaciones Modernos y su Pasado Nazi. El lado oscuro del capitalismo."}]},{"@type":"WebSite","@id":"https:\/\/histary.es\/#website","url":"https:\/\/histary.es\/","name":"History","description":"Experience history through augmented reality","publisher":{"@id":"https:\/\/histary.es\/#organization"},"potentialAction":[{"@type":"SearchAction","target":{"@type":"EntryPoint","urlTemplate":"https:\/\/histary.es\/?s={search_term_string}"},"query-input":{"@type":"PropertyValueSpecification","valueRequired":true,"valueName":"search_term_string"}}],"inLanguage":"en-US"},{"@type":"Organization","@id":"https:\/\/histary.es\/#organization","name":"History","url":"https:\/\/histary.es\/","logo":{"@type":"ImageObject","inLanguage":"en-US","@id":"https:\/\/histary.es\/#\/schema\/logo\/image\/","url":"https:\/\/histary.es\/wp-content\/uploads\/2024\/08\/logo-his300.png","contentUrl":"https:\/\/histary.es\/wp-content\/uploads\/2024\/08\/logo-his300.png","width":2252,"height":705,"caption":"HistARy"},"image":{"@id":"https:\/\/histary.es\/#\/schema\/logo\/image\/"},"sameAs":["https:\/\/www.facebook.com\/hlcomedytours","https:\/\/www.instagram.com\/histarytours\/","https:\/\/www.linkedin.com\/company\/hl-comedy-tours\/","https:\/\/www.tiktok.com\/@hlcomedytours"]},{"@type":"Person","@id":"https:\/\/histary.es\/#\/schema\/person\/76f081d606d406cef945b6d2ee11c7b4","name":"HistARy_Admin","image":{"@type":"ImageObject","inLanguage":"en-US","@id":"https:\/\/histary.es\/wp-content\/litespeed\/avatar\/23a823fbdb6742908325da2a01c1a119.jpg?ver=1777425062","url":"https:\/\/histary.es\/wp-content\/litespeed\/avatar\/23a823fbdb6742908325da2a01c1a119.jpg?ver=1777425062","contentUrl":"https:\/\/histary.es\/wp-content\/litespeed\/avatar\/23a823fbdb6742908325da2a01c1a119.jpg?ver=1777425062","caption":"HistARy_Admin"},"sameAs":["https:\/\/histary.es"],"url":"https:\/\/histary.es\/en\/author\/histary_admin\/"}]}},"_links":{"self":[{"href":"https:\/\/histary.es\/en\/wp-json\/wp\/v2\/posts\/5672","targetHints":{"allow":["GET"]}}],"collection":[{"href":"https:\/\/histary.es\/en\/wp-json\/wp\/v2\/posts"}],"about":[{"href":"https:\/\/histary.es\/en\/wp-json\/wp\/v2\/types\/post"}],"author":[{"embeddable":true,"href":"https:\/\/histary.es\/en\/wp-json\/wp\/v2\/users\/1"}],"replies":[{"embeddable":true,"href":"https:\/\/histary.es\/en\/wp-json\/wp\/v2\/comments?post=5672"}],"version-history":[{"count":3,"href":"https:\/\/histary.es\/en\/wp-json\/wp\/v2\/posts\/5672\/revisions"}],"predecessor-version":[{"id":8606,"href":"https:\/\/histary.es\/en\/wp-json\/wp\/v2\/posts\/5672\/revisions\/8606"}],"wp:featuredmedia":[{"embeddable":true,"href":"https:\/\/histary.es\/en\/wp-json\/wp\/v2\/media\/6725"}],"wp:attachment":[{"href":"https:\/\/histary.es\/en\/wp-json\/wp\/v2\/media?parent=5672"}],"wp:term":[{"taxonomy":"category","embeddable":true,"href":"https:\/\/histary.es\/en\/wp-json\/wp\/v2\/categories?post=5672"},{"taxonomy":"post_tag","embeddable":true,"href":"https:\/\/histary.es\/en\/wp-json\/wp\/v2\/tags?post=5672"}],"curies":[{"name":"wp","href":"https:\/\/api.w.org\/{rel}","templated":true}]}}